{"id":856,"date":"2024-12-19T19:47:34","date_gmt":"2024-12-19T19:47:34","guid":{"rendered":"https:\/\/nbcuniversalnewsgroup.com\/telemundo\/?p=856"},"modified":"2024-12-19T19:47:37","modified_gmt":"2024-12-19T19:47:37","slug":"javier-poza-se-une-a-jimena-gallego-para-conducir-la-casa-de-los-famosos-all-stars-que-estara-lista-para-hacer-historia-en-febrero-2025-por-telemundo","status":"publish","type":"post","link":"https:\/\/nbcuniversalnewsgroup.com\/telemundo\/es\/2024\/12\/19\/javier-poza-se-une-a-jimena-gallego-para-conducir-la-casa-de-los-famosos-all-stars-que-estara-lista-para-hacer-historia-en-febrero-2025-por-telemundo\/","title":{"rendered":"Javier Poza Se Une A Jimena G\u00e1llego Para Conducir La Casa De Los Famosos All-Stars Que Estar\u00e1\u00a0Lista Para Hacer Historia En Febrero 2025 Por Telemundo"},"content":{"rendered":"\n<figure class=\"wp-block-table is-style-regular\"><table><tbody><tr><td><strong>MIAMI \u2013 19 de diciembre del 2024<\/strong>\u00a0\u2013\u00a0<a href=\"http:\/\/email.nbcuni.com\/c\/eJxUy7FuxCAMANCvCWNkbLBhYOiS_zBgdJHuklPDNb9fdez-Xi_EhOCseKHAxELZPUocGbplVqyRlInSaCmJcFJiYnN7QcDg0WefCX1eK7ZeMRgZWjTPS4Cjts-xr-18uWd5zPm-FvpacFtwu-97nfa01-fo559YcHPf5TrHruvbDr3-_1kEhsTAEAxH1OYDDOvJWgOLSVNzs1TirpgTVekwmnBmNu0cDBBF1P0U_A0AAP__ieJFOQ\" target=\"_blank\" rel=\"noreferrer noopener\">Telemundo<\/a>\u00a0est\u00e1 calentando motores para la gran apertura de\u00a0<a href=\"http:\/\/email.nbcuni.com\/c\/eJxUzTGO7CAMgOHTQJcIbGKHguI1uYcBo4mUhNEjs7n-asqt_1_6akJCcFaTZwyExBjtK-WSFwgglLFybL7Jyi17Jq_MDr3dEzgIHnz0EcHHOUOpGYKigi7qyQR35fK59rn00x7pdd_vYfCfgc3A9jzPfOuh5-eq_XsY2MarP8PAdshUZMhUdTr6mJqcffRvsP_T6G2X-a2XjL_Andg1XgK5oNAWKT64pnXVUpwuq6zF3ikjVYG4YubqWmGKRCqVgjoAZrE_CX4DAAD__yyfURM\" target=\"_blank\" rel=\"noreferrer noopener\"><em>La Casa de los Famosos<\/em><\/a><em>\u00a0All-Stars<\/em>\u00a0en febrero 2025, con una temporada \u00e9pica que le dar\u00e1 la bienvenida a\u00a0<strong>Javier Poza<\/strong>\u00a0como nuevo conductor al lado de\u00a0<strong>Jimena G\u00e1llego<\/strong>. Este fen\u00f3meno multiplataforma qu\u00e9 sigue siendo el favorito de millones, abrir\u00e1 sus puertas por quinta vez prometiendo paralizar cada rinc\u00f3n de la naci\u00f3n cuando re\u00fana a las estrellas m\u00e1s emblem\u00e1ticas y controversiales de ediciones pasadas para competir en la experiencia m\u00e1s intensa y emocionante de la televisi\u00f3n hispana.<br>\u00a0<br>Con su carisma, experiencia y conexi\u00f3n con el p\u00fablico, Javier Poza y Jimena G\u00e1llego llevar\u00e1n a los televidentes todos los detalles de lo que ocurre dentro y fuera de la casa m\u00e1s famosa de la televisi\u00f3n en espa\u00f1ol. Poza, reconocido por su s\u00f3lida trayectoria en el mundo del entretenimiento, demostr\u00f3 su experiencia y carisma luego de haber conducido el exitoso reality\u00a0<em>La Isla: Desaf\u00edo Extremo<\/em>\u00a0para Telemundo. G\u00e1llego, conocida por su dinamismo y estilo inigualable que se ha podido ver en el programa\u00a0<em>En Casa con Telemundo<\/em>\u00a0y recientemente en el especial\u00a0<em>Navidades en Rockefeller Center<\/em>, regresa con su energ\u00eda y capacidad de conectar con la audiencia, consolid\u00e1ndose como una de las figuras m\u00e1s queridas desde el inicio de la competencia.<br>\u00a0<br><em>La Casa de los Famosos: All-Stars<\/em>\u00a0promete momentos de alta tensi\u00f3n, estrategias sorprendentes y alianzas inesperadas con el\u00a0regreso de las celebridades m\u00e1s amadas del p\u00fablico que convivir\u00e1n bajo el mismo techo una vez m\u00e1s.\u00a0Con numerosas c\u00e1maras y micr\u00f3fonos escondidos que capturar\u00e1n los movimientos 24\/7,\u00a0la audiencia volver\u00e1 a vivir una experiencia sin filtros a trav\u00e9s de\u00a0<a href=\"http:\/\/email.nbcuni.com\/c\/eJxUzLFuxCAMANCvgS2RMcTAwNAl_2Gw0Z2UC6eSa36_6tj96Unx5BGsFhd9IE_RZ_soKUIIogINakUCTB2CpAQ5s3Yh-ywIGBy67LJHl9eKTSoG9Yq6qSMT4Kztcz7XNl72KI_rek_jvwzuBvf7vtdLD319Thl_wuA-H-OeBveDl8aTF9HlGHPp_BpzTPtd5uhPXt968vy_XyVCj1sgCIp94-YCdJWkrYFuiVOzV6mehDEnX6NAb5EykbJQUECMke1Pwd8AAAD__08pUHo\" target=\"_blank\" rel=\"noreferrer noopener\">LaCasadelosFamosos.com<\/a>. Para contenido exclusivo, los televidentes podr\u00e1n visitar el canal de\u00a0<a href=\"http:\/\/email.nbcuni.com\/c\/eJxUzDGOwyAQQNHTmNIahmEwBcUWmxPsBWAYFEsxjmK81t5-lTLt_9KrybFDMJpscMSOg4vmniSHouope8dMLJYFcgAPkSiH2syaEJAs2mijQxvnglILkjpF9Wp5IuhFzr7Osm_mke5jPI_JfU14m_B2Xdf8t5_jLPr-70jwow_dzl737z5eOrSv26p97OaVjr2teX5qz8cnPFKAFjwxkGLzWSxB07qoCKhf8iJmpOK4ZoyLK6FCk8CRWXNlUkAMIZvfhP8BAAD__9guTyo\" target=\"_blank\" rel=\"noreferrer noopener\">YouTube @TelemundoEntretenimiento<\/a>,\u00a0<a href=\"http:\/\/email.nbcuni.com\/c\/eJxUy7FuxCAMANCvCWNkbLBhYOiS_zBgdJHuklPDNb9fdez-Xi_EhOCseKHAxELZPUocGbplVqyRlInSaCmJcFJiYnN7QcDg0WefCX1eK7ZeMRgZWjTPS4Cjts-xr-18uWd5zPm-FvpacFtwu-97nfa01-fo559YcHPf5TrHruvbDr3-_1kEhsTAEAxH1OYDDOvJWgOLSVNzs1TirpgTVekwmnBmNu0cDBBF1P0U_A0AAP__ieJFOQ\" target=\"_blank\" rel=\"noreferrer noopener\">Telemundo.com<\/a>\u00a0y la\u00a0<a href=\"http:\/\/email.nbcuni.com\/c\/eJxUzDtuwzAMANDTWKNBkfoOGrqkc49AUhRiNLGNWimKnr5zL_B6o0QIzprPFBKlTNXdG0rsnQdoFEVljiUIE3YQKjXE7LaGgMGjr74S-roKahcMRoYWzaclwC762rdVj6d7tPuc57XQ24K3BW_THvZ87f1Y-TzXx7Z_LniT-DF-fmeu7-K-2nWMjdfTdr7-W7NlGDmGBMFwRFYfYFgvpgoWCxd1swmlzlgLSe4wNKeaknFPwQAxZ3bfDf8CAAD__77nShU\" target=\"_blank\" rel=\"noreferrer noopener\">APP de Telemundo<\/a>, y adem\u00e1s unirse a la conversaci\u00f3n en\u00a0<a href=\"http:\/\/email.nbcuni.com\/c\/eJxUzb1uwyAQAOCngdGCO37sgaFSZalDOnY_jiOmip0okPr1q47dP-krCQOC0ZJsRBcwRFz0lnyOJdfK5AQAbLCcaTaW2UYEcV63BAacBbvYBcEuUwYuGZyggHixQTlzZH4dbeL7rm9pG-PRFb4pWBWs53lO7eiDrk_a_4SCdchN9tdR7k-hWxtNusK1Xfum8P1z__B5_3L8fXGXfRv6mfq9NpoeclD_f40UTY3eBeMEqie2zlQpszAb8TPNrEfKGArBMmOOxVSOYQlBqAQnBiBG0j8JfgMAAP__hftVrA\" target=\"_blank\" rel=\"noreferrer noopener\">Instagram<\/a>,\u00a0<a href=\"http:\/\/email.nbcuni.com\/c\/eJxUzEtuxCAMANDTwDLCxthhwaKbHKDqBcAYTdR8Rk2m56-6nPWTXi-RIwZvBSQSR5aY_aOIiFRNOBInA1TOrETApDMYAvq1YEAChAw5IuSpofaGZNHQkgE7CkfT17FOeu5-K4_7fl4ufjhcHC77NKpaO8_vf3a4fNlm--vo56fVbb1Xuxwu_qdc51jr9LSjXu_jXSQMScSBDEeqChSG9dlUg6W5zurv0iL3inmOTXoYKpyZrXYmC4gi1f8W_AsAAP__neFLKA\" target=\"_blank\" rel=\"noreferrer noopener\">Facebook<\/a>,\u00a0<a href=\"http:\/\/email.nbcuni.com\/c\/eJxUzT-PMiEQgPFPA-UGZoYBCoo38bW55OrrDH-GSNRd46J-_Yvltc9T_FpCRjBakvVIjOwx6nNysYTgKRghT-QAeo_OC9cmtUPMeiQwQBZstBHBxqVAbQVIUECcWFZk1lKf61jqdtPXdJ7zviv8p-Co4Ph-v5c5LnO7fPankZlyldtzbdtD8nXMIbvC42kqPISd15-v_Pp_-VbAp4fCg9WPtG995OUua97_ajN5070jNiTQXa6WTJcWpFYjLuRQ9UwFuWWIAYtvplfPkVlyYxID4H3WrwS_AQAA___8g1RP\" target=\"_blank\" rel=\"noreferrer noopener\">TikTok<\/a>,\u00a0<a href=\"http:\/\/email.nbcuni.com\/c\/eJxUzLFOxDAMANCvScaT4zhOMmRgacUxIrE7iUMrjl6hBX4fMTI_6fXi2SNYLS56Ys_RZ7sUBs0au7aahFGIQsJIbkAIVDtnuxYEJIcuu-zR5UvF1iuSekUN6tgQbLV9beul3d_trSznuR_GPxicDE4_i5yH7PsfGpzaItumN4MTAOYXma-vjzM9729Peb62j4zVfpbjPla57LrJ8T8_S4QRAzGQ4gjSHMHQnrQ10JAkNXuW6rkL5uRr7DBa5Mys0pkUEGMU-13wNwAA___13036\" target=\"_blank\" rel=\"noreferrer noopener\">WhatsApp<\/a>\u00a0y\u00a0<a href=\"http:\/\/email.nbcuni.com\/c\/eJxUzcFKAzEQANCvSY4lmclmdg45iCUgCKKg92QysQvttnSjrH8vHr2-y2sJI4KzmjxhiBgJ2Z4Sew7MQohTIBYXiIpSrSTkXa9slwQOggfPnhE8HypIqxAUFXRSH01wa5WvdTnI9WLP6TTGbTP4YCAbyPufGsjjfGl3LedlLLoZzJvBI3gDcRg85ucf-JzfHyXv93Wa96eP_Pbyau9pu_alHG66lu1_MxK5TlOILij0qYgPrmubVcTpNJdZ7EgVYyvAM1ZqrgtFjlFLi0EdAFGx3wl-AwAA__-QRFBy\" target=\"_blank\" rel=\"noreferrer noopener\">X<\/a>\u00a0v\u00eda @Telemundo, @TelemundoRealities, usando #LaCasaDeLosFamosos y #LCDLF.<br>\u00a0<br>La audiencia puede ponerse al d\u00eda con los programas de Telemundo descargando la aplicaci\u00f3n de\u00a0<a href=\"http:\/\/email.nbcuni.com\/c\/eJxUkM2OmzAUhZ_GLKPre821WbCYiqJ2oNNUmZG6i_APCU0CrXGGhqevUimLOYuzOZ90pM-XxISQhVJqAjIKJGfHErQyAAE0qMIT2x6pz42Sdwh1p7OhREAlgaRUkog3hXYGA5D20GltWCgYrbuOw8ZNl-xcHlP6PQt6ElgLrJdl2YzW3TeB9RjSMsXTLLBO4Rwu19FPguq9jd3ojvtLl9xxP3hBlSTOSZJCibkGNpJZID_AGPoQY4iCqi9q_vr0iJmnZneaUmp_tjC-7Byk9e39WcI8Ny9Ve3NrKw8Cc6yb1vy6NYuKq_n7bf5j4u4k23YXm_Xzdft6i017K7639lm-vp23n35UOR_q6_ZwPxGYU_W_sliG8zyEjQ-XLq5DNw4fbaRSOuusZHaagwLG0HPRS2vZ5sohUJZKS-w7LAxZ7aF3mgvm0HlWARC17rL3Ev8FAAD___efhQY\" target=\"_blank\" rel=\"noreferrer noopener\">Telemundo<\/a>, disponible en\u00a0<a href=\"http:\/\/email.nbcuni.com\/c\/eJxUzTtu5DAMANDTSKVBkVrSLlQssPA9JJGaEeAfxpoNktMHKVO_4mkiJgRvKQgBzREC-2cqGkSithZyiCBIGCW23ERZCyzse0LAGIBCiIGIp0XqjAYkCllkZhfhKPV99Kmeu9_Sc4zrdvTX4epwvbb8OT3O87HZjztc73G-zOGar-t2uKqN3Lfb0drV0b967tOwzfb3oeeUP8y_km13t0ltz6-vno_-exwp1FJLYK7CFoHRGi8tlMLlT6wI5EcqxJpxmamIQqvCC7Nl5WiAKJL9_4TfAQAA__9kMVY0\" target=\"_blank\" rel=\"noreferrer noopener\">Google Play Store<\/a>\u00a0y\u00a0<a href=\"http:\/\/email.nbcuni.com\/c\/eJxUzb2O7CAMQOGngS6RsRmbFBS3yXsYcDRImUw0-ZHuPv1qtdW25xRfy8SE4C0HIaAUIbB_ZpmUEidZLGmNJZEYaApNE4RIGn3PCBgDUAgxEPE4SU1oQNJARRK7CFup19bH-n75NT_Pcz8c_XM4O5x1349R9321n-1wvo7f6nA-bbXXtbX3cNin2zH8H857sG24-_12OPfGCR7TgxP4T7b16DY2e-nnq-vW_7pnDrXUEpirsEVgtIWnJZTC5RErAvkzF-KmOCUq0mCpwhOzaeNogCii_s74HQAA___Vi1bS\" target=\"_blank\" rel=\"noreferrer noopener\">Apple Store<\/a>.<br><br><br><em>La Casa de los Famosos\u00a0<\/em>es producido por Endemol Shine Boomdog para Telemundo, una empresa de Banijay Americas.<br>\u00a0<br><strong>Acerca de NBCUniversal Telemundo Enterprises:<\/strong><br>NBCUniversal Telemundo Enterprises lidera la industria de los medios en la producci\u00f3n y distribuci\u00f3n de contenido en espa\u00f1ol para los hispanos de Estados Unidos y audiencias del mundo entero. La compa\u00f1\u00eda sirve a los hispanos de Estados Unidos a trav\u00e9s de su cadena nacional de televisi\u00f3n, la cadena de cable Universo, y plataformas digitales que incluyen la aplicaci\u00f3n Telemundo, una suite de canales FAST, y servicios de streaming, como Peacock, entre otros. La cadena Telemundo ofrece entretenimiento, noticias y deportes en espa\u00f1ol que llegan al 95% de los hogares hispanos de Estados Unidos en 210 mercados, a trav\u00e9s de 30 emisoras propias y 91 estaciones afiliadas. Telemundo tambi\u00e9n es propietaria de una emisora independiente en Puerto Rico. Gracias a Telemundo Studios, la cadena es la productora n\u00famero uno de contenidos de ficci\u00f3n en espa\u00f1ol en Estados Unidos, y la \u00fanica cadena que produce contenido original espec\u00edficamente para audiencias hispanas en Estados Unidos. Ofreciendo m\u00e1s de 600 horas de programas de reality al a\u00f1o, y especiales en vivo de mayor audiencia como los Premios Billboard de la M\u00fasica Latina y Miss Universo, Telemundo es considerada la casa indiscutible de la televisi\u00f3n en vivo de los medios hispanos. La cadena es tambi\u00e9n el hogar exclusivo en espa\u00f1ol de los dos eventos deportivos m\u00e1s populares del mundo, la Copa Mundial de la FIFA y los Juegos Ol\u00edmpicos. NBCUniversal Telemundo Enterprises es una divisi\u00f3n de NBCUniversal, una subsidiaria de Comcast Corporation.<br>\u00a0<br><strong>Contactos de medios:<\/strong><br>Gerardo Oyola<br>Director, Alternative Programming Publicity<br><a href=\"mailto:gerardo.oyola@nbcuni.com\">gerardo.oyola@nbcuni.com<\/a><br>\u00a0<br><\/td><\/tr><\/tbody><\/table><\/figure>\n\n\n\n<figure class=\"wp-block-table\"><table class=\"has-fixed-layout\"><tbody><tr><td><\/td><\/tr><\/tbody><\/table><\/figure>\n\n\n\n<figure class=\"wp-block-table\"><table class=\"has-fixed-layout\"><tbody><tr><td><\/td><\/tr><\/tbody><\/table><\/figure>\n","protected":false},"excerpt":{"rendered":"<p>MIAMI \u2013 19 de diciembre del 2024\u00a0\u2013\u00a0Telemundo\u00a0est\u00e1 calentando motores para la gran apertura de\u00a0La Casa de los Famosos\u00a0All-Stars\u00a0en febrero 2025, con una temporada \u00e9pica que le dar\u00e1 la bienvenida a\u00a0Javier Poza\u00a0como nuevo conductor al lado de\u00a0Jimena G\u00e1llego. Este fen\u00f3meno multiplataforma qu\u00e9 sigue siendo el favorito de millones, abrir\u00e1 sus puertas por quinta vez prometiendo paralizar [&#8230;]<\/p>\n<p><a class=\"btn btn-secondary understrap-read-more-link\" href=\"https:\/\/nbcuniversalnewsgroup.com\/telemundo\/es\/2024\/12\/19\/javier-poza-se-une-a-jimena-gallego-para-conducir-la-casa-de-los-famosos-all-stars-que-estara-lista-para-hacer-historia-en-febrero-2025-por-telemundo\/\">Read More&#8230;<span class=\"screen-reader-text\"> from Javier Poza Se Une A Jimena G\u00e1llego Para Conducir La Casa De Los Famosos All-Stars Que Estar\u00e1\u00a0Lista Para Hacer Historia En Febrero 2025 Por Telemundo<\/span><\/a><\/p>\n","protected":false},"author":3,"featured_media":857,"comment_status":"open","ping_status":"open","sticky":false,"template":"","format":"standard","meta":{"jetpack_post_was_ever_published":false,"footnotes":""},"categories":[5],"tags":[],"class_list":["post-856","post","type-post","status-publish","format-standard","has-post-thumbnail","hentry","category-telemundo"],"yoast_head":"<!-- This site is optimized with the Yoast SEO plugin v27.5 - https:\/\/yoast.com\/product\/yoast-seo-wordpress\/ -->\n<title>Javier Poza Se Une A Jimena G\u00e1llego Para Conducir La Casa De Los Famosos All-Stars Que Estar\u00e1\u00a0Lista Para Hacer Historia En Febrero 2025 Por Telemundo - NBCUniversal Telemundo Enterprises Press Releases<\/title>\n<meta name=\"robots\" content=\"index, follow, max-snippet:-1, max-image-preview:large, max-video-preview:-1\" \/>\n<link rel=\"canonical\" href=\"https:\/\/nbcuniversalnewsgroup.com\/telemundo\/es\/2024\/12\/19\/javier-poza-se-une-a-jimena-gallego-para-conducir-la-casa-de-los-famosos-all-stars-que-estara-lista-para-hacer-historia-en-febrero-2025-por-telemundo\/\" \/>\n<meta property=\"og:locale\" content=\"en_US\" \/>\n<meta property=\"og:type\" content=\"article\" \/>\n<meta property=\"og:title\" content=\"Javier Poza Se Une A Jimena G\u00e1llego Para Conducir La Casa De Los Famosos All-Stars Que Estar\u00e1\u00a0Lista Para Hacer Historia En Febrero 2025 Por Telemundo - NBCUniversal Telemundo Enterprises Press Releases\" \/>\n<meta property=\"og:description\" content=\"MIAMI \u2013 19 de diciembre del 2024\u00a0\u2013\u00a0Telemundo\u00a0est\u00e1 calentando motores para la gran apertura de\u00a0La Casa de los Famosos\u00a0All-Stars\u00a0en febrero 2025, con una temporada \u00e9pica que le dar\u00e1 la bienvenida a\u00a0Javier Poza\u00a0como nuevo conductor al lado de\u00a0Jimena G\u00e1llego. Este fen\u00f3meno multiplataforma qu\u00e9 sigue siendo el favorito de millones, abrir\u00e1 sus puertas por quinta vez prometiendo paralizar [...]Read More... from Javier Poza Se Une A Jimena G\u00e1llego Para Conducir La Casa De Los Famosos All-Stars Que Estar\u00e1\u00a0Lista Para Hacer Historia En Febrero 2025 Por Telemundo\" \/>\n<meta property=\"og:url\" content=\"https:\/\/nbcuniversalnewsgroup.com\/telemundo\/es\/2024\/12\/19\/javier-poza-se-une-a-jimena-gallego-para-conducir-la-casa-de-los-famosos-all-stars-que-estara-lista-para-hacer-historia-en-febrero-2025-por-telemundo\/\" \/>\n<meta property=\"og:site_name\" content=\"NBCUniversal Telemundo Enterprises Press Releases\" \/>\n<meta property=\"article:publisher\" content=\"https:\/\/www.facebook.com\/NBCUTelemundo\/\" \/>\n<meta property=\"article:published_time\" content=\"2024-12-19T19:47:34+00:00\" \/>\n<meta property=\"article:modified_time\" content=\"2024-12-19T19:47:37+00:00\" \/>\n<meta property=\"og:image\" content=\"https:\/\/nbcuniversalnewsgroup.com\/telemundo\/wp-content\/uploads\/sites\/7\/2024\/12\/casa-de-los-famosos-all-star-1024x576.png\" \/>\n\t<meta property=\"og:image:width\" content=\"1024\" \/>\n\t<meta property=\"og:image:height\" content=\"576\" \/>\n\t<meta property=\"og:image:type\" content=\"image\/png\" \/>\n<meta name=\"author\" content=\"NBCUniversal News Group\" \/>\n<meta name=\"twitter:card\" content=\"summary_large_image\" \/>\n<meta name=\"twitter:creator\" content=\"@NBCUTelemundo\" \/>\n<meta name=\"twitter:site\" content=\"@NBCUTelemundo\" \/>\n<meta name=\"twitter:label1\" content=\"Written by\" \/>\n\t<meta name=\"twitter:data1\" content=\"NBCUniversal News Group\" \/>\n\t<meta name=\"twitter:label2\" content=\"Est. reading time\" \/>\n\t<meta name=\"twitter:data2\" content=\"3 minutes\" \/>\n<script type=\"application\/ld+json\" class=\"yoast-schema-graph\">{\"@context\":\"https:\\\/\\\/schema.org\",\"@graph\":[{\"@type\":\"Article\",\"@id\":\"https:\\\/\\\/nbcuniversalnewsgroup.com\\\/telemundo\\\/es\\\/2024\\\/12\\\/19\\\/javier-poza-se-une-a-jimena-gallego-para-conducir-la-casa-de-los-famosos-all-stars-que-estara-lista-para-hacer-historia-en-febrero-2025-por-telemundo\\\/#article\",\"isPartOf\":{\"@id\":\"https:\\\/\\\/nbcuniversalnewsgroup.com\\\/telemundo\\\/es\\\/2024\\\/12\\\/19\\\/javier-poza-se-une-a-jimena-gallego-para-conducir-la-casa-de-los-famosos-all-stars-que-estara-lista-para-hacer-historia-en-febrero-2025-por-telemundo\\\/\"},\"author\":{\"name\":\"NBCUniversal News Group\",\"@id\":\"https:\\\/\\\/nbcuniversalnewsgroup.com\\\/telemundo\\\/#\\\/schema\\\/person\\\/71375f95e907cc09385448ec02f6937f\"},\"headline\":\"Javier Poza Se Une A Jimena G\u00e1llego Para Conducir La Casa De Los Famosos All-Stars Que Estar\u00e1\u00a0Lista Para Hacer Historia En Febrero 2025 Por Telemundo\",\"datePublished\":\"2024-12-19T19:47:34+00:00\",\"dateModified\":\"2024-12-19T19:47:37+00:00\",\"mainEntityOfPage\":{\"@id\":\"https:\\\/\\\/nbcuniversalnewsgroup.com\\\/telemundo\\\/es\\\/2024\\\/12\\\/19\\\/javier-poza-se-une-a-jimena-gallego-para-conducir-la-casa-de-los-famosos-all-stars-que-estara-lista-para-hacer-historia-en-febrero-2025-por-telemundo\\\/\"},\"wordCount\":685,\"commentCount\":0,\"publisher\":{\"@id\":\"https:\\\/\\\/nbcuniversalnewsgroup.com\\\/telemundo\\\/#organization\"},\"image\":{\"@id\":\"https:\\\/\\\/nbcuniversalnewsgroup.com\\\/telemundo\\\/es\\\/2024\\\/12\\\/19\\\/javier-poza-se-une-a-jimena-gallego-para-conducir-la-casa-de-los-famosos-all-stars-que-estara-lista-para-hacer-historia-en-febrero-2025-por-telemundo\\\/#primaryimage\"},\"thumbnailUrl\":\"https:\\\/\\\/i0.wp.com\\\/nbcuniversalnewsgroup.com\\\/telemundo\\\/wp-content\\\/uploads\\\/sites\\\/7\\\/2024\\\/12\\\/casa-de-los-famosos-all-star.png?fit=1920%2C1080&ssl=1\",\"articleSection\":[\"Telemundo\"],\"inLanguage\":\"en-US\"},{\"@type\":\"WebPage\",\"@id\":\"https:\\\/\\\/nbcuniversalnewsgroup.com\\\/telemundo\\\/es\\\/2024\\\/12\\\/19\\\/javier-poza-se-une-a-jimena-gallego-para-conducir-la-casa-de-los-famosos-all-stars-que-estara-lista-para-hacer-historia-en-febrero-2025-por-telemundo\\\/\",\"url\":\"https:\\\/\\\/nbcuniversalnewsgroup.com\\\/telemundo\\\/es\\\/2024\\\/12\\\/19\\\/javier-poza-se-une-a-jimena-gallego-para-conducir-la-casa-de-los-famosos-all-stars-que-estara-lista-para-hacer-historia-en-febrero-2025-por-telemundo\\\/\",\"name\":\"Javier Poza Se Une A Jimena G\u00e1llego Para Conducir La Casa De Los Famosos All-Stars Que Estar\u00e1\u00a0Lista Para Hacer Historia En Febrero 2025 Por Telemundo - NBCUniversal Telemundo Enterprises Press Releases\",\"isPartOf\":{\"@id\":\"https:\\\/\\\/nbcuniversalnewsgroup.com\\\/telemundo\\\/#website\"},\"primaryImageOfPage\":{\"@id\":\"https:\\\/\\\/nbcuniversalnewsgroup.com\\\/telemundo\\\/es\\\/2024\\\/12\\\/19\\\/javier-poza-se-une-a-jimena-gallego-para-conducir-la-casa-de-los-famosos-all-stars-que-estara-lista-para-hacer-historia-en-febrero-2025-por-telemundo\\\/#primaryimage\"},\"image\":{\"@id\":\"https:\\\/\\\/nbcuniversalnewsgroup.com\\\/telemundo\\\/es\\\/2024\\\/12\\\/19\\\/javier-poza-se-une-a-jimena-gallego-para-conducir-la-casa-de-los-famosos-all-stars-que-estara-lista-para-hacer-historia-en-febrero-2025-por-telemundo\\\/#primaryimage\"},\"thumbnailUrl\":\"https:\\\/\\\/i0.wp.com\\\/nbcuniversalnewsgroup.com\\\/telemundo\\\/wp-content\\\/uploads\\\/sites\\\/7\\\/2024\\\/12\\\/casa-de-los-famosos-all-star.png?fit=1920%2C1080&ssl=1\",\"datePublished\":\"2024-12-19T19:47:34+00:00\",\"dateModified\":\"2024-12-19T19:47:37+00:00\",\"breadcrumb\":{\"@id\":\"https:\\\/\\\/nbcuniversalnewsgroup.com\\\/telemundo\\\/es\\\/2024\\\/12\\\/19\\\/javier-poza-se-une-a-jimena-gallego-para-conducir-la-casa-de-los-famosos-all-stars-que-estara-lista-para-hacer-historia-en-febrero-2025-por-telemundo\\\/#breadcrumb\"},\"inLanguage\":\"en-US\",\"potentialAction\":[{\"@type\":\"ReadAction\",\"target\":[\"https:\\\/\\\/nbcuniversalnewsgroup.com\\\/telemundo\\\/es\\\/2024\\\/12\\\/19\\\/javier-poza-se-une-a-jimena-gallego-para-conducir-la-casa-de-los-famosos-all-stars-que-estara-lista-para-hacer-historia-en-febrero-2025-por-telemundo\\\/\"]}]},{\"@type\":\"ImageObject\",\"inLanguage\":\"en-US\",\"@id\":\"https:\\\/\\\/nbcuniversalnewsgroup.com\\\/telemundo\\\/es\\\/2024\\\/12\\\/19\\\/javier-poza-se-une-a-jimena-gallego-para-conducir-la-casa-de-los-famosos-all-stars-que-estara-lista-para-hacer-historia-en-febrero-2025-por-telemundo\\\/#primaryimage\",\"url\":\"https:\\\/\\\/i0.wp.com\\\/nbcuniversalnewsgroup.com\\\/telemundo\\\/wp-content\\\/uploads\\\/sites\\\/7\\\/2024\\\/12\\\/casa-de-los-famosos-all-star.png?fit=1920%2C1080&ssl=1\",\"contentUrl\":\"https:\\\/\\\/i0.wp.com\\\/nbcuniversalnewsgroup.com\\\/telemundo\\\/wp-content\\\/uploads\\\/sites\\\/7\\\/2024\\\/12\\\/casa-de-los-famosos-all-star.png?fit=1920%2C1080&ssl=1\",\"width\":1920,\"height\":1080},{\"@type\":\"BreadcrumbList\",\"@id\":\"https:\\\/\\\/nbcuniversalnewsgroup.com\\\/telemundo\\\/es\\\/2024\\\/12\\\/19\\\/javier-poza-se-une-a-jimena-gallego-para-conducir-la-casa-de-los-famosos-all-stars-que-estara-lista-para-hacer-historia-en-febrero-2025-por-telemundo\\\/#breadcrumb\",\"itemListElement\":[{\"@type\":\"ListItem\",\"position\":1,\"name\":\"Home\",\"item\":\"https:\\\/\\\/nbcuniversalnewsgroup.com\\\/telemundo\\\/\"},{\"@type\":\"ListItem\",\"position\":2,\"name\":\"Javier Poza Se Une A Jimena G\u00e1llego Para Conducir La Casa De Los Famosos All-Stars Que Estar\u00e1\u00a0Lista Para Hacer Historia En Febrero 2025 Por Telemundo\"}]},{\"@type\":\"WebSite\",\"@id\":\"https:\\\/\\\/nbcuniversalnewsgroup.com\\\/telemundo\\\/#website\",\"url\":\"https:\\\/\\\/nbcuniversalnewsgroup.com\\\/telemundo\\\/\",\"name\":\"NBCUniversal Telemundo Enterprises Press Releases\",\"description\":\"NBCUniversal Telemundo Enterprises leads the media industry in the production and distribution of Spanish-language entertainment, news and sports content for U.S. Hispanics and audiences around the world.\",\"publisher\":{\"@id\":\"https:\\\/\\\/nbcuniversalnewsgroup.com\\\/telemundo\\\/#organization\"},\"potentialAction\":[{\"@type\":\"SearchAction\",\"target\":{\"@type\":\"EntryPoint\",\"urlTemplate\":\"https:\\\/\\\/nbcuniversalnewsgroup.com\\\/telemundo\\\/?s={search_term_string}\"},\"query-input\":{\"@type\":\"PropertyValueSpecification\",\"valueRequired\":true,\"valueName\":\"search_term_string\"}}],\"inLanguage\":\"en-US\"},{\"@type\":\"Organization\",\"@id\":\"https:\\\/\\\/nbcuniversalnewsgroup.com\\\/telemundo\\\/#organization\",\"name\":\"NBCUniversal Telemundo Enterprises Press Releases\",\"url\":\"https:\\\/\\\/nbcuniversalnewsgroup.com\\\/telemundo\\\/\",\"logo\":{\"@type\":\"ImageObject\",\"inLanguage\":\"en-US\",\"@id\":\"https:\\\/\\\/nbcuniversalnewsgroup.com\\\/telemundo\\\/#\\\/schema\\\/logo\\\/image\\\/\",\"url\":\"\",\"contentUrl\":\"\",\"caption\":\"NBCUniversal Telemundo Enterprises Press Releases\"},\"image\":{\"@id\":\"https:\\\/\\\/nbcuniversalnewsgroup.com\\\/telemundo\\\/#\\\/schema\\\/logo\\\/image\\\/\"},\"sameAs\":[\"https:\\\/\\\/www.facebook.com\\\/NBCUTelemundo\\\/\",\"https:\\\/\\\/x.com\\\/NBCUTelemundo\",\"https:\\\/\\\/www.instagram.com\\\/nbcutelemundo\\\/\",\"https:\\\/\\\/www.linkedin.com\\\/company\\\/nbcuniversaltelemundoenterprises\",\"https:\\\/\\\/www.threads.net\\\/@nbcutelemundo\"]},{\"@type\":\"Person\",\"@id\":\"https:\\\/\\\/nbcuniversalnewsgroup.com\\\/telemundo\\\/#\\\/schema\\\/person\\\/71375f95e907cc09385448ec02f6937f\",\"name\":\"NBCUniversal News Group\",\"image\":{\"@type\":\"ImageObject\",\"inLanguage\":\"en-US\",\"@id\":\"https:\\\/\\\/secure.gravatar.com\\\/avatar\\\/e10e6d3cbbefdce7f5e6bb676ab54cd85e88d8109192053eb487cc96406e49b0?s=96&d=mm&r=g\",\"url\":\"https:\\\/\\\/secure.gravatar.com\\\/avatar\\\/e10e6d3cbbefdce7f5e6bb676ab54cd85e88d8109192053eb487cc96406e49b0?s=96&d=mm&r=g\",\"contentUrl\":\"https:\\\/\\\/secure.gravatar.com\\\/avatar\\\/e10e6d3cbbefdce7f5e6bb676ab54cd85e88d8109192053eb487cc96406e49b0?s=96&d=mm&r=g\",\"caption\":\"NBCUniversal News Group\"},\"url\":\"https:\\\/\\\/nbcuniversalnewsgroup.com\\\/telemundo\\\/author\\\/trasaterra\\\/\"}]}<\/script>\n<!-- \/ Yoast SEO plugin. -->","yoast_head_json":{"title":"Javier Poza Se Une A Jimena G\u00e1llego Para Conducir La Casa De Los Famosos All-Stars Que Estar\u00e1\u00a0Lista Para Hacer Historia En Febrero 2025 Por Telemundo - NBCUniversal Telemundo Enterprises Press Releases","robots":{"index":"index","follow":"follow","max-snippet":"max-snippet:-1","max-image-preview":"max-image-preview:large","max-video-preview":"max-video-preview:-1"},"canonical":"https:\/\/nbcuniversalnewsgroup.com\/telemundo\/es\/2024\/12\/19\/javier-poza-se-une-a-jimena-gallego-para-conducir-la-casa-de-los-famosos-all-stars-que-estara-lista-para-hacer-historia-en-febrero-2025-por-telemundo\/","og_locale":"en_US","og_type":"article","og_title":"Javier Poza Se Une A Jimena G\u00e1llego Para Conducir La Casa De Los Famosos All-Stars Que Estar\u00e1\u00a0Lista Para Hacer Historia En Febrero 2025 Por Telemundo - NBCUniversal Telemundo Enterprises Press Releases","og_description":"MIAMI \u2013 19 de diciembre del 2024\u00a0\u2013\u00a0Telemundo\u00a0est\u00e1 calentando motores para la gran apertura de\u00a0La Casa de los Famosos\u00a0All-Stars\u00a0en febrero 2025, con una temporada \u00e9pica que le dar\u00e1 la bienvenida a\u00a0Javier Poza\u00a0como nuevo conductor al lado de\u00a0Jimena G\u00e1llego. Este fen\u00f3meno multiplataforma qu\u00e9 sigue siendo el favorito de millones, abrir\u00e1 sus puertas por quinta vez prometiendo paralizar [...]Read More... from Javier Poza Se Une A Jimena G\u00e1llego Para Conducir La Casa De Los Famosos All-Stars Que Estar\u00e1\u00a0Lista Para Hacer Historia En Febrero 2025 Por Telemundo","og_url":"https:\/\/nbcuniversalnewsgroup.com\/telemundo\/es\/2024\/12\/19\/javier-poza-se-une-a-jimena-gallego-para-conducir-la-casa-de-los-famosos-all-stars-que-estara-lista-para-hacer-historia-en-febrero-2025-por-telemundo\/","og_site_name":"NBCUniversal Telemundo Enterprises Press Releases","article_publisher":"https:\/\/www.facebook.com\/NBCUTelemundo\/","article_published_time":"2024-12-19T19:47:34+00:00","article_modified_time":"2024-12-19T19:47:37+00:00","og_image":[{"width":1024,"height":576,"url":"https:\/\/nbcuniversalnewsgroup.com\/telemundo\/wp-content\/uploads\/sites\/7\/2024\/12\/casa-de-los-famosos-all-star-1024x576.png","type":"image\/png"}],"author":"NBCUniversal News Group","twitter_card":"summary_large_image","twitter_creator":"@NBCUTelemundo","twitter_site":"@NBCUTelemundo","twitter_misc":{"Written by":"NBCUniversal News Group","Est. reading time":"3 minutes"},"schema":{"@context":"https:\/\/schema.org","@graph":[{"@type":"Article","@id":"https:\/\/nbcuniversalnewsgroup.com\/telemundo\/es\/2024\/12\/19\/javier-poza-se-une-a-jimena-gallego-para-conducir-la-casa-de-los-famosos-all-stars-que-estara-lista-para-hacer-historia-en-febrero-2025-por-telemundo\/#article","isPartOf":{"@id":"https:\/\/nbcuniversalnewsgroup.com\/telemundo\/es\/2024\/12\/19\/javier-poza-se-une-a-jimena-gallego-para-conducir-la-casa-de-los-famosos-all-stars-que-estara-lista-para-hacer-historia-en-febrero-2025-por-telemundo\/"},"author":{"name":"NBCUniversal News Group","@id":"https:\/\/nbcuniversalnewsgroup.com\/telemundo\/#\/schema\/person\/71375f95e907cc09385448ec02f6937f"},"headline":"Javier Poza Se Une A Jimena G\u00e1llego Para Conducir La Casa De Los Famosos All-Stars Que Estar\u00e1\u00a0Lista Para Hacer Historia En Febrero 2025 Por Telemundo","datePublished":"2024-12-19T19:47:34+00:00","dateModified":"2024-12-19T19:47:37+00:00","mainEntityOfPage":{"@id":"https:\/\/nbcuniversalnewsgroup.com\/telemundo\/es\/2024\/12\/19\/javier-poza-se-une-a-jimena-gallego-para-conducir-la-casa-de-los-famosos-all-stars-que-estara-lista-para-hacer-historia-en-febrero-2025-por-telemundo\/"},"wordCount":685,"commentCount":0,"publisher":{"@id":"https:\/\/nbcuniversalnewsgroup.com\/telemundo\/#organization"},"image":{"@id":"https:\/\/nbcuniversalnewsgroup.com\/telemundo\/es\/2024\/12\/19\/javier-poza-se-une-a-jimena-gallego-para-conducir-la-casa-de-los-famosos-all-stars-que-estara-lista-para-hacer-historia-en-febrero-2025-por-telemundo\/#primaryimage"},"thumbnailUrl":"https:\/\/i0.wp.com\/nbcuniversalnewsgroup.com\/telemundo\/wp-content\/uploads\/sites\/7\/2024\/12\/casa-de-los-famosos-all-star.png?fit=1920%2C1080&ssl=1","articleSection":["Telemundo"],"inLanguage":"en-US"},{"@type":"WebPage","@id":"https:\/\/nbcuniversalnewsgroup.com\/telemundo\/es\/2024\/12\/19\/javier-poza-se-une-a-jimena-gallego-para-conducir-la-casa-de-los-famosos-all-stars-que-estara-lista-para-hacer-historia-en-febrero-2025-por-telemundo\/","url":"https:\/\/nbcuniversalnewsgroup.com\/telemundo\/es\/2024\/12\/19\/javier-poza-se-une-a-jimena-gallego-para-conducir-la-casa-de-los-famosos-all-stars-que-estara-lista-para-hacer-historia-en-febrero-2025-por-telemundo\/","name":"Javier Poza Se Une A Jimena G\u00e1llego Para Conducir La Casa De Los Famosos All-Stars Que Estar\u00e1\u00a0Lista Para Hacer Historia En Febrero 2025 Por Telemundo - NBCUniversal Telemundo Enterprises Press Releases","isPartOf":{"@id":"https:\/\/nbcuniversalnewsgroup.com\/telemundo\/#website"},"primaryImageOfPage":{"@id":"https:\/\/nbcuniversalnewsgroup.com\/telemundo\/es\/2024\/12\/19\/javier-poza-se-une-a-jimena-gallego-para-conducir-la-casa-de-los-famosos-all-stars-que-estara-lista-para-hacer-historia-en-febrero-2025-por-telemundo\/#primaryimage"},"image":{"@id":"https:\/\/nbcuniversalnewsgroup.com\/telemundo\/es\/2024\/12\/19\/javier-poza-se-une-a-jimena-gallego-para-conducir-la-casa-de-los-famosos-all-stars-que-estara-lista-para-hacer-historia-en-febrero-2025-por-telemundo\/#primaryimage"},"thumbnailUrl":"https:\/\/i0.wp.com\/nbcuniversalnewsgroup.com\/telemundo\/wp-content\/uploads\/sites\/7\/2024\/12\/casa-de-los-famosos-all-star.png?fit=1920%2C1080&ssl=1","datePublished":"2024-12-19T19:47:34+00:00","dateModified":"2024-12-19T19:47:37+00:00","breadcrumb":{"@id":"https:\/\/nbcuniversalnewsgroup.com\/telemundo\/es\/2024\/12\/19\/javier-poza-se-une-a-jimena-gallego-para-conducir-la-casa-de-los-famosos-all-stars-que-estara-lista-para-hacer-historia-en-febrero-2025-por-telemundo\/#breadcrumb"},"inLanguage":"en-US","potentialAction":[{"@type":"ReadAction","target":["https:\/\/nbcuniversalnewsgroup.com\/telemundo\/es\/2024\/12\/19\/javier-poza-se-une-a-jimena-gallego-para-conducir-la-casa-de-los-famosos-all-stars-que-estara-lista-para-hacer-historia-en-febrero-2025-por-telemundo\/"]}]},{"@type":"ImageObject","inLanguage":"en-US","@id":"https:\/\/nbcuniversalnewsgroup.com\/telemundo\/es\/2024\/12\/19\/javier-poza-se-une-a-jimena-gallego-para-conducir-la-casa-de-los-famosos-all-stars-que-estara-lista-para-hacer-historia-en-febrero-2025-por-telemundo\/#primaryimage","url":"https:\/\/i0.wp.com\/nbcuniversalnewsgroup.com\/telemundo\/wp-content\/uploads\/sites\/7\/2024\/12\/casa-de-los-famosos-all-star.png?fit=1920%2C1080&ssl=1","contentUrl":"https:\/\/i0.wp.com\/nbcuniversalnewsgroup.com\/telemundo\/wp-content\/uploads\/sites\/7\/2024\/12\/casa-de-los-famosos-all-star.png?fit=1920%2C1080&ssl=1","width":1920,"height":1080},{"@type":"BreadcrumbList","@id":"https:\/\/nbcuniversalnewsgroup.com\/telemundo\/es\/2024\/12\/19\/javier-poza-se-une-a-jimena-gallego-para-conducir-la-casa-de-los-famosos-all-stars-que-estara-lista-para-hacer-historia-en-febrero-2025-por-telemundo\/#breadcrumb","itemListElement":[{"@type":"ListItem","position":1,"name":"Home","item":"https:\/\/nbcuniversalnewsgroup.com\/telemundo\/"},{"@type":"ListItem","position":2,"name":"Javier Poza Se Une A Jimena G\u00e1llego Para Conducir La Casa De Los Famosos All-Stars Que Estar\u00e1\u00a0Lista Para Hacer Historia En Febrero 2025 Por Telemundo"}]},{"@type":"WebSite","@id":"https:\/\/nbcuniversalnewsgroup.com\/telemundo\/#website","url":"https:\/\/nbcuniversalnewsgroup.com\/telemundo\/","name":"NBCUniversal Telemundo Enterprises Press Releases","description":"NBCUniversal Telemundo Enterprises leads the media industry in the production and distribution of Spanish-language entertainment, news and sports content for U.S. Hispanics and audiences around the world.","publisher":{"@id":"https:\/\/nbcuniversalnewsgroup.com\/telemundo\/#organization"},"potentialAction":[{"@type":"SearchAction","target":{"@type":"EntryPoint","urlTemplate":"https:\/\/nbcuniversalnewsgroup.com\/telemundo\/?s={search_term_string}"},"query-input":{"@type":"PropertyValueSpecification","valueRequired":true,"valueName":"search_term_string"}}],"inLanguage":"en-US"},{"@type":"Organization","@id":"https:\/\/nbcuniversalnewsgroup.com\/telemundo\/#organization","name":"NBCUniversal Telemundo Enterprises Press Releases","url":"https:\/\/nbcuniversalnewsgroup.com\/telemundo\/","logo":{"@type":"ImageObject","inLanguage":"en-US","@id":"https:\/\/nbcuniversalnewsgroup.com\/telemundo\/#\/schema\/logo\/image\/","url":"","contentUrl":"","caption":"NBCUniversal Telemundo Enterprises Press Releases"},"image":{"@id":"https:\/\/nbcuniversalnewsgroup.com\/telemundo\/#\/schema\/logo\/image\/"},"sameAs":["https:\/\/www.facebook.com\/NBCUTelemundo\/","https:\/\/x.com\/NBCUTelemundo","https:\/\/www.instagram.com\/nbcutelemundo\/","https:\/\/www.linkedin.com\/company\/nbcuniversaltelemundoenterprises","https:\/\/www.threads.net\/@nbcutelemundo"]},{"@type":"Person","@id":"https:\/\/nbcuniversalnewsgroup.com\/telemundo\/#\/schema\/person\/71375f95e907cc09385448ec02f6937f","name":"NBCUniversal News Group","image":{"@type":"ImageObject","inLanguage":"en-US","@id":"https:\/\/secure.gravatar.com\/avatar\/e10e6d3cbbefdce7f5e6bb676ab54cd85e88d8109192053eb487cc96406e49b0?s=96&d=mm&r=g","url":"https:\/\/secure.gravatar.com\/avatar\/e10e6d3cbbefdce7f5e6bb676ab54cd85e88d8109192053eb487cc96406e49b0?s=96&d=mm&r=g","contentUrl":"https:\/\/secure.gravatar.com\/avatar\/e10e6d3cbbefdce7f5e6bb676ab54cd85e88d8109192053eb487cc96406e49b0?s=96&d=mm&r=g","caption":"NBCUniversal News Group"},"url":"https:\/\/nbcuniversalnewsgroup.com\/telemundo\/author\/trasaterra\/"}]}},"jetpack_featured_media_url":"https:\/\/i0.wp.com\/nbcuniversalnewsgroup.com\/telemundo\/wp-content\/uploads\/sites\/7\/2024\/12\/casa-de-los-famosos-all-star.png?fit=1920%2C1080&ssl=1","_links":{"self":[{"href":"https:\/\/nbcuniversalnewsgroup.com\/telemundo\/wp-json\/wp\/v2\/posts\/856","targetHints":{"allow":["GET"]}}],"collection":[{"href":"https:\/\/nbcuniversalnewsgroup.com\/telemundo\/wp-json\/wp\/v2\/posts"}],"about":[{"href":"https:\/\/nbcuniversalnewsgroup.com\/telemundo\/wp-json\/wp\/v2\/types\/post"}],"author":[{"embeddable":true,"href":"https:\/\/nbcuniversalnewsgroup.com\/telemundo\/wp-json\/wp\/v2\/users\/3"}],"replies":[{"embeddable":true,"href":"https:\/\/nbcuniversalnewsgroup.com\/telemundo\/wp-json\/wp\/v2\/comments?post=856"}],"version-history":[{"count":0,"href":"https:\/\/nbcuniversalnewsgroup.com\/telemundo\/wp-json\/wp\/v2\/posts\/856\/revisions"}],"wp:featuredmedia":[{"embeddable":true,"href":"https:\/\/nbcuniversalnewsgroup.com\/telemundo\/wp-json\/wp\/v2\/media\/857"}],"wp:attachment":[{"href":"https:\/\/nbcuniversalnewsgroup.com\/telemundo\/wp-json\/wp\/v2\/media?parent=856"}],"wp:term":[{"taxonomy":"category","embeddable":true,"href":"https:\/\/nbcuniversalnewsgroup.com\/telemundo\/wp-json\/wp\/v2\/categories?post=856"},{"taxonomy":"post_tag","embeddable":true,"href":"https:\/\/nbcuniversalnewsgroup.com\/telemundo\/wp-json\/wp\/v2\/tags?post=856"}],"curies":[{"name":"wp","href":"https:\/\/api.w.org\/{rel}","templated":true}]}}