{"id":133,"date":"2023-02-06T04:15:00","date_gmt":"2023-02-06T04:15:00","guid":{"rendered":"https:\/\/newsgrouppr.wpenginepowered.com\/telemundo\/?p=133"},"modified":"2024-04-26T04:18:51","modified_gmt":"2024-04-26T04:18:51","slug":"aviso-a-los-medios-noticias-telemundo-presentara-una-cobertura-especial-del-discurso-del-estado-de-la-union-del-presidente-biden-el-7-de-febrero-a-las-850pm-et-750pm-ct","status":"publish","type":"post","link":"https:\/\/nbcuniversalnewsgroup.com\/telemundo\/es\/2023\/02\/06\/aviso-a-los-medios-noticias-telemundo-presentara-una-cobertura-especial-del-discurso-del-estado-de-la-union-del-presidente-biden-el-7-de-febrero-a-las-850pm-et-750pm-ct\/","title":{"rendered":"Aviso a los Medios: Noticias Telemundo Presentar\u00e1 una Cobertura Especial del Discurso del Estado de la Uni\u00f3n del Presidente Biden el 7 de Febrero a las 8:50PM ET\/7:50PM CT"},"content":{"rendered":"\n<h3 class=\"wp-block-heading\">ulio Vaqueiro liderar\u00e1 la cobertura de Noticias Telemundo en vivo desde Washington<\/h3>\n\n\n\n<h3 class=\"wp-block-heading\">La cobertura de horario estelar tambi\u00e9n se transmitir\u00e1 en vivo en espa\u00f1ol en la p\u00e1gina YouTube de Noticias Telemundo<\/h3>\n\n\n\n<p><a href=\"https:\/\/www.dropbox.com\/s\/ipl7v77ga0c7fm9\/ESTADO%20DE%20LA%20NACION%20MAN_30%20SEC.mp4?dl=0\"><strong>VER PROMO<\/strong><\/a><\/p>\n\n\n\n<p><strong>QU\u00c9<\/strong>: Noticias Telemundo ofrecer\u00e1 cobertura en vivo y an\u00e1lisis en tiempo real del segundo discurso del Estado de la Uni\u00f3n del presidente Joe Biden y la respuesta de los Republicanos. Ser\u00e1 su primer discurso ante un Congreso dividido con el representante Kevin McCarthy como presidente de la C\u00e1mara Baja.<\/p>\n\n\n\n<p><strong>CU\u00c1NDO<\/strong>: martes 7 de febrero a las 8:50PM ET\/5:50 PT<\/p>\n\n\n\n<p><strong>D\u00d3NDE<\/strong>: El especial se transmitir\u00e1 en vivo por Telemundo e incluir\u00e1 verificaciones de hechos por T-Verifica de Noticias Telemundo. Tambi\u00e9n se transmitir\u00e1 simult\u00e1neamente en vivo en las plataformas digitales de Noticias Telemundo, incluidas NoticiasTelemundo.com, la aplicaci\u00f3n m\u00f3vil de Noticias Telemundo, YouTube, Facebook y Twitter.<\/p>\n\n\n\n<p><strong>QUI\u00c9N<\/strong>: Julio Vaqueiro conducir\u00e1 la cobertura desde Washington. Vaqueiro ser\u00e1 el presentador de una edici\u00f3n especial del noticiero a las 6:30 p.m. (hora del Este) y un especial de noticias en horario estelar que contar\u00e1 con informes y an\u00e1lisis de la corresponsal senior de Washington&nbsp;<strong>Cristina Londo\u00f1o<\/strong>, del corresponsal de Washington&nbsp;<strong>Javier Vega<\/strong>&nbsp;y de la presentadora&nbsp;<strong>Arantxa Loizaga<\/strong>. A ellos se unir\u00e1 un panel de expertos para analizar el discurso del presidente y la respuesta de los Republicanos.<\/p>\n\n\n\n<p><strong>Contacto:<\/strong><\/p>\n\n\n\n<p><strong>Kevin Gray<\/strong><\/p>\n\n\n\n<p><strong>Director, News Communications<\/strong><\/p>\n\n\n\n<p><strong>E:<\/strong>&nbsp;Kevin.Gray@nbcuni.com&nbsp;<\/p>\n\n\n\n<p><strong>Alejandra Merchant<\/strong><\/p>\n\n\n\n<p><strong>Publicist, News&nbsp;<\/strong><\/p>\n\n\n\n<p><strong>E:<\/strong>&nbsp;Alejandra.Merchant@nbcuni.com<\/p>\n","protected":false},"excerpt":{"rendered":"<p>ulio Vaqueiro liderar\u00e1 la cobertura de Noticias Telemundo en vivo desde Washington La cobertura de horario estelar tambi\u00e9n se transmitir\u00e1 en vivo en espa\u00f1ol en la p\u00e1gina YouTube de Noticias Telemundo VER PROMO QU\u00c9: Noticias Telemundo ofrecer\u00e1 cobertura en vivo y an\u00e1lisis en tiempo real del segundo discurso del Estado de la Uni\u00f3n del presidente [&#8230;]<\/p>\n<p><a class=\"btn btn-secondary understrap-read-more-link\" href=\"https:\/\/nbcuniversalnewsgroup.com\/telemundo\/es\/2023\/02\/06\/aviso-a-los-medios-noticias-telemundo-presentara-una-cobertura-especial-del-discurso-del-estado-de-la-union-del-presidente-biden-el-7-de-febrero-a-las-850pm-et-750pm-ct\/\">Read More&#8230;<span class=\"screen-reader-text\"> from Aviso a los Medios: Noticias Telemundo Presentar\u00e1 una Cobertura Especial del Discurso del Estado de la Uni\u00f3n del Presidente Biden el 7 de Febrero a las 8:50PM ET\/7:50PM CT<\/span><\/a><\/p>\n","protected":false},"author":3,"featured_media":134,"comment_status":"open","ping_status":"open","sticky":false,"template":"","format":"standard","meta":{"jetpack_post_was_ever_published":false,"footnotes":""},"categories":[2],"tags":[],"class_list":["post-133","post","type-post","status-publish","format-standard","has-post-thumbnail","hentry","category-noticias-telemundo"],"yoast_head":"<!-- This site is optimized with the Yoast SEO plugin v27.5 - https:\/\/yoast.com\/product\/yoast-seo-wordpress\/ -->\n<title>Aviso a los Medios: Noticias Telemundo Presentar\u00e1 una Cobertura Especial del Discurso del Estado de la Uni\u00f3n del Presidente Biden el 7 de Febrero a las 8:50PM ET\/7:50PM CT - NBCUniversal Telemundo Enterprises Press Releases<\/title>\n<meta name=\"robots\" content=\"index, follow, max-snippet:-1, max-image-preview:large, max-video-preview:-1\" \/>\n<link rel=\"canonical\" href=\"https:\/\/nbcuniversalnewsgroup.com\/telemundo\/es\/2023\/02\/06\/aviso-a-los-medios-noticias-telemundo-presentara-una-cobertura-especial-del-discurso-del-estado-de-la-union-del-presidente-biden-el-7-de-febrero-a-las-850pm-et-750pm-ct\/\" \/>\n<meta property=\"og:locale\" content=\"en_US\" \/>\n<meta property=\"og:type\" content=\"article\" \/>\n<meta property=\"og:title\" content=\"Aviso a los Medios: Noticias Telemundo Presentar\u00e1 una Cobertura Especial del Discurso del Estado de la Uni\u00f3n del Presidente Biden el 7 de Febrero a las 8:50PM ET\/7:50PM CT - NBCUniversal Telemundo Enterprises Press Releases\" \/>\n<meta property=\"og:description\" content=\"ulio Vaqueiro liderar\u00e1 la cobertura de Noticias Telemundo en vivo desde Washington La cobertura de horario estelar tambi\u00e9n se transmitir\u00e1 en vivo en espa\u00f1ol en la p\u00e1gina YouTube de Noticias Telemundo VER PROMO QU\u00c9: Noticias Telemundo ofrecer\u00e1 cobertura en vivo y an\u00e1lisis en tiempo real del segundo discurso del Estado de la Uni\u00f3n del presidente [...]Read More... from Aviso a los Medios: Noticias Telemundo Presentar\u00e1 una Cobertura Especial del Discurso del Estado de la Uni\u00f3n del Presidente Biden el 7 de Febrero a las 8:50PM ET\/7:50PM CT\" \/>\n<meta property=\"og:url\" content=\"https:\/\/nbcuniversalnewsgroup.com\/telemundo\/es\/2023\/02\/06\/aviso-a-los-medios-noticias-telemundo-presentara-una-cobertura-especial-del-discurso-del-estado-de-la-union-del-presidente-biden-el-7-de-febrero-a-las-850pm-et-750pm-ct\/\" \/>\n<meta property=\"og:site_name\" content=\"NBCUniversal Telemundo Enterprises Press Releases\" \/>\n<meta property=\"article:publisher\" content=\"https:\/\/www.facebook.com\/NBCUTelemundo\/\" \/>\n<meta property=\"article:published_time\" content=\"2023-02-06T04:15:00+00:00\" \/>\n<meta property=\"article:modified_time\" content=\"2024-04-26T04:18:51+00:00\" \/>\n<meta property=\"og:image\" content=\"https:\/\/i0.wp.com\/nbcuniversalnewsgroup.com\/telemundo\/wp-content\/uploads\/sites\/7\/2024\/04\/855be0c28d1f5645_800x800ar.png?fit=418%2C235&ssl=1\" \/>\n\t<meta property=\"og:image:width\" content=\"418\" \/>\n\t<meta property=\"og:image:height\" content=\"235\" \/>\n\t<meta property=\"og:image:type\" content=\"image\/png\" \/>\n<meta name=\"author\" content=\"NBCUniversal News Group\" \/>\n<meta name=\"twitter:card\" content=\"summary_large_image\" \/>\n<meta name=\"twitter:creator\" content=\"@NBCUTelemundo\" \/>\n<meta name=\"twitter:site\" content=\"@NBCUTelemundo\" \/>\n<meta name=\"twitter:label1\" content=\"Written by\" \/>\n\t<meta name=\"twitter:data1\" content=\"NBCUniversal News Group\" \/>\n\t<meta name=\"twitter:label2\" content=\"Est. reading time\" \/>\n\t<meta name=\"twitter:data2\" content=\"2 minutes\" \/>\n<script type=\"application\/ld+json\" class=\"yoast-schema-graph\">{\"@context\":\"https:\\\/\\\/schema.org\",\"@graph\":[{\"@type\":\"Article\",\"@id\":\"https:\\\/\\\/nbcuniversalnewsgroup.com\\\/telemundo\\\/es\\\/2023\\\/02\\\/06\\\/aviso-a-los-medios-noticias-telemundo-presentara-una-cobertura-especial-del-discurso-del-estado-de-la-union-del-presidente-biden-el-7-de-febrero-a-las-850pm-et-750pm-ct\\\/#article\",\"isPartOf\":{\"@id\":\"https:\\\/\\\/nbcuniversalnewsgroup.com\\\/telemundo\\\/es\\\/2023\\\/02\\\/06\\\/aviso-a-los-medios-noticias-telemundo-presentara-una-cobertura-especial-del-discurso-del-estado-de-la-union-del-presidente-biden-el-7-de-febrero-a-las-850pm-et-750pm-ct\\\/\"},\"author\":{\"name\":\"NBCUniversal News Group\",\"@id\":\"https:\\\/\\\/nbcuniversalnewsgroup.com\\\/telemundo\\\/#\\\/schema\\\/person\\\/71375f95e907cc09385448ec02f6937f\"},\"headline\":\"Aviso a los Medios: Noticias Telemundo Presentar\u00e1 una Cobertura Especial del Discurso del Estado de la Uni\u00f3n del Presidente Biden el 7 de Febrero a las 8:50PM ET\\\/7:50PM CT\",\"datePublished\":\"2023-02-06T04:15:00+00:00\",\"dateModified\":\"2024-04-26T04:18:51+00:00\",\"mainEntityOfPage\":{\"@id\":\"https:\\\/\\\/nbcuniversalnewsgroup.com\\\/telemundo\\\/es\\\/2023\\\/02\\\/06\\\/aviso-a-los-medios-noticias-telemundo-presentara-una-cobertura-especial-del-discurso-del-estado-de-la-union-del-presidente-biden-el-7-de-febrero-a-las-850pm-et-750pm-ct\\\/\"},\"wordCount\":289,\"commentCount\":0,\"publisher\":{\"@id\":\"https:\\\/\\\/nbcuniversalnewsgroup.com\\\/telemundo\\\/#organization\"},\"image\":{\"@id\":\"https:\\\/\\\/nbcuniversalnewsgroup.com\\\/telemundo\\\/es\\\/2023\\\/02\\\/06\\\/aviso-a-los-medios-noticias-telemundo-presentara-una-cobertura-especial-del-discurso-del-estado-de-la-union-del-presidente-biden-el-7-de-febrero-a-las-850pm-et-750pm-ct\\\/#primaryimage\"},\"thumbnailUrl\":\"https:\\\/\\\/i0.wp.com\\\/nbcuniversalnewsgroup.com\\\/telemundo\\\/wp-content\\\/uploads\\\/sites\\\/7\\\/2024\\\/04\\\/855be0c28d1f5645_800x800ar.png?fit=418%2C235&ssl=1\",\"articleSection\":[\"Noticias Telemundo\"],\"inLanguage\":\"en-US\"},{\"@type\":\"WebPage\",\"@id\":\"https:\\\/\\\/nbcuniversalnewsgroup.com\\\/telemundo\\\/es\\\/2023\\\/02\\\/06\\\/aviso-a-los-medios-noticias-telemundo-presentara-una-cobertura-especial-del-discurso-del-estado-de-la-union-del-presidente-biden-el-7-de-febrero-a-las-850pm-et-750pm-ct\\\/\",\"url\":\"https:\\\/\\\/nbcuniversalnewsgroup.com\\\/telemundo\\\/es\\\/2023\\\/02\\\/06\\\/aviso-a-los-medios-noticias-telemundo-presentara-una-cobertura-especial-del-discurso-del-estado-de-la-union-del-presidente-biden-el-7-de-febrero-a-las-850pm-et-750pm-ct\\\/\",\"name\":\"Aviso a los Medios: Noticias Telemundo Presentar\u00e1 una Cobertura Especial del Discurso del Estado de la Uni\u00f3n del Presidente Biden el 7 de Febrero a las 8:50PM ET\\\/7:50PM CT - NBCUniversal Telemundo Enterprises Press Releases\",\"isPartOf\":{\"@id\":\"https:\\\/\\\/nbcuniversalnewsgroup.com\\\/telemundo\\\/#website\"},\"primaryImageOfPage\":{\"@id\":\"https:\\\/\\\/nbcuniversalnewsgroup.com\\\/telemundo\\\/es\\\/2023\\\/02\\\/06\\\/aviso-a-los-medios-noticias-telemundo-presentara-una-cobertura-especial-del-discurso-del-estado-de-la-union-del-presidente-biden-el-7-de-febrero-a-las-850pm-et-750pm-ct\\\/#primaryimage\"},\"image\":{\"@id\":\"https:\\\/\\\/nbcuniversalnewsgroup.com\\\/telemundo\\\/es\\\/2023\\\/02\\\/06\\\/aviso-a-los-medios-noticias-telemundo-presentara-una-cobertura-especial-del-discurso-del-estado-de-la-union-del-presidente-biden-el-7-de-febrero-a-las-850pm-et-750pm-ct\\\/#primaryimage\"},\"thumbnailUrl\":\"https:\\\/\\\/i0.wp.com\\\/nbcuniversalnewsgroup.com\\\/telemundo\\\/wp-content\\\/uploads\\\/sites\\\/7\\\/2024\\\/04\\\/855be0c28d1f5645_800x800ar.png?fit=418%2C235&ssl=1\",\"datePublished\":\"2023-02-06T04:15:00+00:00\",\"dateModified\":\"2024-04-26T04:18:51+00:00\",\"breadcrumb\":{\"@id\":\"https:\\\/\\\/nbcuniversalnewsgroup.com\\\/telemundo\\\/es\\\/2023\\\/02\\\/06\\\/aviso-a-los-medios-noticias-telemundo-presentara-una-cobertura-especial-del-discurso-del-estado-de-la-union-del-presidente-biden-el-7-de-febrero-a-las-850pm-et-750pm-ct\\\/#breadcrumb\"},\"inLanguage\":\"en-US\",\"potentialAction\":[{\"@type\":\"ReadAction\",\"target\":[\"https:\\\/\\\/nbcuniversalnewsgroup.com\\\/telemundo\\\/es\\\/2023\\\/02\\\/06\\\/aviso-a-los-medios-noticias-telemundo-presentara-una-cobertura-especial-del-discurso-del-estado-de-la-union-del-presidente-biden-el-7-de-febrero-a-las-850pm-et-750pm-ct\\\/\"]}]},{\"@type\":\"ImageObject\",\"inLanguage\":\"en-US\",\"@id\":\"https:\\\/\\\/nbcuniversalnewsgroup.com\\\/telemundo\\\/es\\\/2023\\\/02\\\/06\\\/aviso-a-los-medios-noticias-telemundo-presentara-una-cobertura-especial-del-discurso-del-estado-de-la-union-del-presidente-biden-el-7-de-febrero-a-las-850pm-et-750pm-ct\\\/#primaryimage\",\"url\":\"https:\\\/\\\/i0.wp.com\\\/nbcuniversalnewsgroup.com\\\/telemundo\\\/wp-content\\\/uploads\\\/sites\\\/7\\\/2024\\\/04\\\/855be0c28d1f5645_800x800ar.png?fit=418%2C235&ssl=1\",\"contentUrl\":\"https:\\\/\\\/i0.wp.com\\\/nbcuniversalnewsgroup.com\\\/telemundo\\\/wp-content\\\/uploads\\\/sites\\\/7\\\/2024\\\/04\\\/855be0c28d1f5645_800x800ar.png?fit=418%2C235&ssl=1\",\"width\":418,\"height\":235,\"caption\":\"El Estado De La Nacion\"},{\"@type\":\"BreadcrumbList\",\"@id\":\"https:\\\/\\\/nbcuniversalnewsgroup.com\\\/telemundo\\\/es\\\/2023\\\/02\\\/06\\\/aviso-a-los-medios-noticias-telemundo-presentara-una-cobertura-especial-del-discurso-del-estado-de-la-union-del-presidente-biden-el-7-de-febrero-a-las-850pm-et-750pm-ct\\\/#breadcrumb\",\"itemListElement\":[{\"@type\":\"ListItem\",\"position\":1,\"name\":\"Home\",\"item\":\"https:\\\/\\\/nbcuniversalnewsgroup.com\\\/telemundo\\\/\"},{\"@type\":\"ListItem\",\"position\":2,\"name\":\"Aviso a los Medios: Noticias Telemundo Presentar\u00e1 una Cobertura Especial del Discurso del Estado de la Uni\u00f3n del Presidente Biden el 7 de Febrero a las 8:50PM ET\\\/7:50PM CT\"}]},{\"@type\":\"WebSite\",\"@id\":\"https:\\\/\\\/nbcuniversalnewsgroup.com\\\/telemundo\\\/#website\",\"url\":\"https:\\\/\\\/nbcuniversalnewsgroup.com\\\/telemundo\\\/\",\"name\":\"NBCUniversal Telemundo Enterprises Press Releases\",\"description\":\"NBCUniversal Telemundo Enterprises leads the media industry in the production and distribution of Spanish-language entertainment, news and sports content for U.S. Hispanics and audiences around the world.\",\"publisher\":{\"@id\":\"https:\\\/\\\/nbcuniversalnewsgroup.com\\\/telemundo\\\/#organization\"},\"potentialAction\":[{\"@type\":\"SearchAction\",\"target\":{\"@type\":\"EntryPoint\",\"urlTemplate\":\"https:\\\/\\\/nbcuniversalnewsgroup.com\\\/telemundo\\\/?s={search_term_string}\"},\"query-input\":{\"@type\":\"PropertyValueSpecification\",\"valueRequired\":true,\"valueName\":\"search_term_string\"}}],\"inLanguage\":\"en-US\"},{\"@type\":\"Organization\",\"@id\":\"https:\\\/\\\/nbcuniversalnewsgroup.com\\\/telemundo\\\/#organization\",\"name\":\"NBCUniversal Telemundo Enterprises Press Releases\",\"url\":\"https:\\\/\\\/nbcuniversalnewsgroup.com\\\/telemundo\\\/\",\"logo\":{\"@type\":\"ImageObject\",\"inLanguage\":\"en-US\",\"@id\":\"https:\\\/\\\/nbcuniversalnewsgroup.com\\\/telemundo\\\/#\\\/schema\\\/logo\\\/image\\\/\",\"url\":\"\",\"contentUrl\":\"\",\"caption\":\"NBCUniversal Telemundo Enterprises Press Releases\"},\"image\":{\"@id\":\"https:\\\/\\\/nbcuniversalnewsgroup.com\\\/telemundo\\\/#\\\/schema\\\/logo\\\/image\\\/\"},\"sameAs\":[\"https:\\\/\\\/www.facebook.com\\\/NBCUTelemundo\\\/\",\"https:\\\/\\\/x.com\\\/NBCUTelemundo\",\"https:\\\/\\\/www.instagram.com\\\/nbcutelemundo\\\/\",\"https:\\\/\\\/www.linkedin.com\\\/company\\\/nbcuniversaltelemundoenterprises\",\"https:\\\/\\\/www.threads.net\\\/@nbcutelemundo\"]},{\"@type\":\"Person\",\"@id\":\"https:\\\/\\\/nbcuniversalnewsgroup.com\\\/telemundo\\\/#\\\/schema\\\/person\\\/71375f95e907cc09385448ec02f6937f\",\"name\":\"NBCUniversal News Group\",\"image\":{\"@type\":\"ImageObject\",\"inLanguage\":\"en-US\",\"@id\":\"https:\\\/\\\/secure.gravatar.com\\\/avatar\\\/e10e6d3cbbefdce7f5e6bb676ab54cd85e88d8109192053eb487cc96406e49b0?s=96&d=mm&r=g\",\"url\":\"https:\\\/\\\/secure.gravatar.com\\\/avatar\\\/e10e6d3cbbefdce7f5e6bb676ab54cd85e88d8109192053eb487cc96406e49b0?s=96&d=mm&r=g\",\"contentUrl\":\"https:\\\/\\\/secure.gravatar.com\\\/avatar\\\/e10e6d3cbbefdce7f5e6bb676ab54cd85e88d8109192053eb487cc96406e49b0?s=96&d=mm&r=g\",\"caption\":\"NBCUniversal News Group\"},\"url\":\"https:\\\/\\\/nbcuniversalnewsgroup.com\\\/telemundo\\\/author\\\/trasaterra\\\/\"}]}<\/script>\n<!-- \/ Yoast SEO plugin. -->","yoast_head_json":{"title":"Aviso a los Medios: Noticias Telemundo Presentar\u00e1 una Cobertura Especial del Discurso del Estado de la Uni\u00f3n del Presidente Biden el 7 de Febrero a las 8:50PM ET\/7:50PM CT - NBCUniversal Telemundo Enterprises Press Releases","robots":{"index":"index","follow":"follow","max-snippet":"max-snippet:-1","max-image-preview":"max-image-preview:large","max-video-preview":"max-video-preview:-1"},"canonical":"https:\/\/nbcuniversalnewsgroup.com\/telemundo\/es\/2023\/02\/06\/aviso-a-los-medios-noticias-telemundo-presentara-una-cobertura-especial-del-discurso-del-estado-de-la-union-del-presidente-biden-el-7-de-febrero-a-las-850pm-et-750pm-ct\/","og_locale":"en_US","og_type":"article","og_title":"Aviso a los Medios: Noticias Telemundo Presentar\u00e1 una Cobertura Especial del Discurso del Estado de la Uni\u00f3n del Presidente Biden el 7 de Febrero a las 8:50PM ET\/7:50PM CT - NBCUniversal Telemundo Enterprises Press Releases","og_description":"ulio Vaqueiro liderar\u00e1 la cobertura de Noticias Telemundo en vivo desde Washington La cobertura de horario estelar tambi\u00e9n se transmitir\u00e1 en vivo en espa\u00f1ol en la p\u00e1gina YouTube de Noticias Telemundo VER PROMO QU\u00c9: Noticias Telemundo ofrecer\u00e1 cobertura en vivo y an\u00e1lisis en tiempo real del segundo discurso del Estado de la Uni\u00f3n del presidente [...]Read More... from Aviso a los Medios: Noticias Telemundo Presentar\u00e1 una Cobertura Especial del Discurso del Estado de la Uni\u00f3n del Presidente Biden el 7 de Febrero a las 8:50PM ET\/7:50PM CT","og_url":"https:\/\/nbcuniversalnewsgroup.com\/telemundo\/es\/2023\/02\/06\/aviso-a-los-medios-noticias-telemundo-presentara-una-cobertura-especial-del-discurso-del-estado-de-la-union-del-presidente-biden-el-7-de-febrero-a-las-850pm-et-750pm-ct\/","og_site_name":"NBCUniversal Telemundo Enterprises Press Releases","article_publisher":"https:\/\/www.facebook.com\/NBCUTelemundo\/","article_published_time":"2023-02-06T04:15:00+00:00","article_modified_time":"2024-04-26T04:18:51+00:00","og_image":[{"width":418,"height":235,"url":"https:\/\/i0.wp.com\/nbcuniversalnewsgroup.com\/telemundo\/wp-content\/uploads\/sites\/7\/2024\/04\/855be0c28d1f5645_800x800ar.png?fit=418%2C235&ssl=1","type":"image\/png"}],"author":"NBCUniversal News Group","twitter_card":"summary_large_image","twitter_creator":"@NBCUTelemundo","twitter_site":"@NBCUTelemundo","twitter_misc":{"Written by":"NBCUniversal News Group","Est. reading time":"2 minutes"},"schema":{"@context":"https:\/\/schema.org","@graph":[{"@type":"Article","@id":"https:\/\/nbcuniversalnewsgroup.com\/telemundo\/es\/2023\/02\/06\/aviso-a-los-medios-noticias-telemundo-presentara-una-cobertura-especial-del-discurso-del-estado-de-la-union-del-presidente-biden-el-7-de-febrero-a-las-850pm-et-750pm-ct\/#article","isPartOf":{"@id":"https:\/\/nbcuniversalnewsgroup.com\/telemundo\/es\/2023\/02\/06\/aviso-a-los-medios-noticias-telemundo-presentara-una-cobertura-especial-del-discurso-del-estado-de-la-union-del-presidente-biden-el-7-de-febrero-a-las-850pm-et-750pm-ct\/"},"author":{"name":"NBCUniversal News Group","@id":"https:\/\/nbcuniversalnewsgroup.com\/telemundo\/#\/schema\/person\/71375f95e907cc09385448ec02f6937f"},"headline":"Aviso a los Medios: Noticias Telemundo Presentar\u00e1 una Cobertura Especial del Discurso del Estado de la Uni\u00f3n del Presidente Biden el 7 de Febrero a las 8:50PM ET\/7:50PM CT","datePublished":"2023-02-06T04:15:00+00:00","dateModified":"2024-04-26T04:18:51+00:00","mainEntityOfPage":{"@id":"https:\/\/nbcuniversalnewsgroup.com\/telemundo\/es\/2023\/02\/06\/aviso-a-los-medios-noticias-telemundo-presentara-una-cobertura-especial-del-discurso-del-estado-de-la-union-del-presidente-biden-el-7-de-febrero-a-las-850pm-et-750pm-ct\/"},"wordCount":289,"commentCount":0,"publisher":{"@id":"https:\/\/nbcuniversalnewsgroup.com\/telemundo\/#organization"},"image":{"@id":"https:\/\/nbcuniversalnewsgroup.com\/telemundo\/es\/2023\/02\/06\/aviso-a-los-medios-noticias-telemundo-presentara-una-cobertura-especial-del-discurso-del-estado-de-la-union-del-presidente-biden-el-7-de-febrero-a-las-850pm-et-750pm-ct\/#primaryimage"},"thumbnailUrl":"https:\/\/i0.wp.com\/nbcuniversalnewsgroup.com\/telemundo\/wp-content\/uploads\/sites\/7\/2024\/04\/855be0c28d1f5645_800x800ar.png?fit=418%2C235&ssl=1","articleSection":["Noticias Telemundo"],"inLanguage":"en-US"},{"@type":"WebPage","@id":"https:\/\/nbcuniversalnewsgroup.com\/telemundo\/es\/2023\/02\/06\/aviso-a-los-medios-noticias-telemundo-presentara-una-cobertura-especial-del-discurso-del-estado-de-la-union-del-presidente-biden-el-7-de-febrero-a-las-850pm-et-750pm-ct\/","url":"https:\/\/nbcuniversalnewsgroup.com\/telemundo\/es\/2023\/02\/06\/aviso-a-los-medios-noticias-telemundo-presentara-una-cobertura-especial-del-discurso-del-estado-de-la-union-del-presidente-biden-el-7-de-febrero-a-las-850pm-et-750pm-ct\/","name":"Aviso a los Medios: Noticias Telemundo Presentar\u00e1 una Cobertura Especial del Discurso del Estado de la Uni\u00f3n del Presidente Biden el 7 de Febrero a las 8:50PM ET\/7:50PM CT - NBCUniversal Telemundo Enterprises Press Releases","isPartOf":{"@id":"https:\/\/nbcuniversalnewsgroup.com\/telemundo\/#website"},"primaryImageOfPage":{"@id":"https:\/\/nbcuniversalnewsgroup.com\/telemundo\/es\/2023\/02\/06\/aviso-a-los-medios-noticias-telemundo-presentara-una-cobertura-especial-del-discurso-del-estado-de-la-union-del-presidente-biden-el-7-de-febrero-a-las-850pm-et-750pm-ct\/#primaryimage"},"image":{"@id":"https:\/\/nbcuniversalnewsgroup.com\/telemundo\/es\/2023\/02\/06\/aviso-a-los-medios-noticias-telemundo-presentara-una-cobertura-especial-del-discurso-del-estado-de-la-union-del-presidente-biden-el-7-de-febrero-a-las-850pm-et-750pm-ct\/#primaryimage"},"thumbnailUrl":"https:\/\/i0.wp.com\/nbcuniversalnewsgroup.com\/telemundo\/wp-content\/uploads\/sites\/7\/2024\/04\/855be0c28d1f5645_800x800ar.png?fit=418%2C235&ssl=1","datePublished":"2023-02-06T04:15:00+00:00","dateModified":"2024-04-26T04:18:51+00:00","breadcrumb":{"@id":"https:\/\/nbcuniversalnewsgroup.com\/telemundo\/es\/2023\/02\/06\/aviso-a-los-medios-noticias-telemundo-presentara-una-cobertura-especial-del-discurso-del-estado-de-la-union-del-presidente-biden-el-7-de-febrero-a-las-850pm-et-750pm-ct\/#breadcrumb"},"inLanguage":"en-US","potentialAction":[{"@type":"ReadAction","target":["https:\/\/nbcuniversalnewsgroup.com\/telemundo\/es\/2023\/02\/06\/aviso-a-los-medios-noticias-telemundo-presentara-una-cobertura-especial-del-discurso-del-estado-de-la-union-del-presidente-biden-el-7-de-febrero-a-las-850pm-et-750pm-ct\/"]}]},{"@type":"ImageObject","inLanguage":"en-US","@id":"https:\/\/nbcuniversalnewsgroup.com\/telemundo\/es\/2023\/02\/06\/aviso-a-los-medios-noticias-telemundo-presentara-una-cobertura-especial-del-discurso-del-estado-de-la-union-del-presidente-biden-el-7-de-febrero-a-las-850pm-et-750pm-ct\/#primaryimage","url":"https:\/\/i0.wp.com\/nbcuniversalnewsgroup.com\/telemundo\/wp-content\/uploads\/sites\/7\/2024\/04\/855be0c28d1f5645_800x800ar.png?fit=418%2C235&ssl=1","contentUrl":"https:\/\/i0.wp.com\/nbcuniversalnewsgroup.com\/telemundo\/wp-content\/uploads\/sites\/7\/2024\/04\/855be0c28d1f5645_800x800ar.png?fit=418%2C235&ssl=1","width":418,"height":235,"caption":"El Estado De La Nacion"},{"@type":"BreadcrumbList","@id":"https:\/\/nbcuniversalnewsgroup.com\/telemundo\/es\/2023\/02\/06\/aviso-a-los-medios-noticias-telemundo-presentara-una-cobertura-especial-del-discurso-del-estado-de-la-union-del-presidente-biden-el-7-de-febrero-a-las-850pm-et-750pm-ct\/#breadcrumb","itemListElement":[{"@type":"ListItem","position":1,"name":"Home","item":"https:\/\/nbcuniversalnewsgroup.com\/telemundo\/"},{"@type":"ListItem","position":2,"name":"Aviso a los Medios: Noticias Telemundo Presentar\u00e1 una Cobertura Especial del Discurso del Estado de la Uni\u00f3n del Presidente Biden el 7 de Febrero a las 8:50PM ET\/7:50PM CT"}]},{"@type":"WebSite","@id":"https:\/\/nbcuniversalnewsgroup.com\/telemundo\/#website","url":"https:\/\/nbcuniversalnewsgroup.com\/telemundo\/","name":"NBCUniversal Telemundo Enterprises Press Releases","description":"NBCUniversal Telemundo Enterprises leads the media industry in the production and distribution of Spanish-language entertainment, news and sports content for U.S. Hispanics and audiences around the world.","publisher":{"@id":"https:\/\/nbcuniversalnewsgroup.com\/telemundo\/#organization"},"potentialAction":[{"@type":"SearchAction","target":{"@type":"EntryPoint","urlTemplate":"https:\/\/nbcuniversalnewsgroup.com\/telemundo\/?s={search_term_string}"},"query-input":{"@type":"PropertyValueSpecification","valueRequired":true,"valueName":"search_term_string"}}],"inLanguage":"en-US"},{"@type":"Organization","@id":"https:\/\/nbcuniversalnewsgroup.com\/telemundo\/#organization","name":"NBCUniversal Telemundo Enterprises Press Releases","url":"https:\/\/nbcuniversalnewsgroup.com\/telemundo\/","logo":{"@type":"ImageObject","inLanguage":"en-US","@id":"https:\/\/nbcuniversalnewsgroup.com\/telemundo\/#\/schema\/logo\/image\/","url":"","contentUrl":"","caption":"NBCUniversal Telemundo Enterprises Press Releases"},"image":{"@id":"https:\/\/nbcuniversalnewsgroup.com\/telemundo\/#\/schema\/logo\/image\/"},"sameAs":["https:\/\/www.facebook.com\/NBCUTelemundo\/","https:\/\/x.com\/NBCUTelemundo","https:\/\/www.instagram.com\/nbcutelemundo\/","https:\/\/www.linkedin.com\/company\/nbcuniversaltelemundoenterprises","https:\/\/www.threads.net\/@nbcutelemundo"]},{"@type":"Person","@id":"https:\/\/nbcuniversalnewsgroup.com\/telemundo\/#\/schema\/person\/71375f95e907cc09385448ec02f6937f","name":"NBCUniversal News Group","image":{"@type":"ImageObject","inLanguage":"en-US","@id":"https:\/\/secure.gravatar.com\/avatar\/e10e6d3cbbefdce7f5e6bb676ab54cd85e88d8109192053eb487cc96406e49b0?s=96&d=mm&r=g","url":"https:\/\/secure.gravatar.com\/avatar\/e10e6d3cbbefdce7f5e6bb676ab54cd85e88d8109192053eb487cc96406e49b0?s=96&d=mm&r=g","contentUrl":"https:\/\/secure.gravatar.com\/avatar\/e10e6d3cbbefdce7f5e6bb676ab54cd85e88d8109192053eb487cc96406e49b0?s=96&d=mm&r=g","caption":"NBCUniversal News Group"},"url":"https:\/\/nbcuniversalnewsgroup.com\/telemundo\/author\/trasaterra\/"}]}},"jetpack_featured_media_url":"https:\/\/i0.wp.com\/nbcuniversalnewsgroup.com\/telemundo\/wp-content\/uploads\/sites\/7\/2024\/04\/855be0c28d1f5645_800x800ar.png?fit=418%2C235&ssl=1","_links":{"self":[{"href":"https:\/\/nbcuniversalnewsgroup.com\/telemundo\/wp-json\/wp\/v2\/posts\/133","targetHints":{"allow":["GET"]}}],"collection":[{"href":"https:\/\/nbcuniversalnewsgroup.com\/telemundo\/wp-json\/wp\/v2\/posts"}],"about":[{"href":"https:\/\/nbcuniversalnewsgroup.com\/telemundo\/wp-json\/wp\/v2\/types\/post"}],"author":[{"embeddable":true,"href":"https:\/\/nbcuniversalnewsgroup.com\/telemundo\/wp-json\/wp\/v2\/users\/3"}],"replies":[{"embeddable":true,"href":"https:\/\/nbcuniversalnewsgroup.com\/telemundo\/wp-json\/wp\/v2\/comments?post=133"}],"version-history":[{"count":0,"href":"https:\/\/nbcuniversalnewsgroup.com\/telemundo\/wp-json\/wp\/v2\/posts\/133\/revisions"}],"wp:featuredmedia":[{"embeddable":true,"href":"https:\/\/nbcuniversalnewsgroup.com\/telemundo\/wp-json\/wp\/v2\/media\/134"}],"wp:attachment":[{"href":"https:\/\/nbcuniversalnewsgroup.com\/telemundo\/wp-json\/wp\/v2\/media?parent=133"}],"wp:term":[{"taxonomy":"category","embeddable":true,"href":"https:\/\/nbcuniversalnewsgroup.com\/telemundo\/wp-json\/wp\/v2\/categories?post=133"},{"taxonomy":"post_tag","embeddable":true,"href":"https:\/\/nbcuniversalnewsgroup.com\/telemundo\/wp-json\/wp\/v2\/tags?post=133"}],"curies":[{"name":"wp","href":"https:\/\/api.w.org\/{rel}","templated":true}]}}