{"id":1318,"date":"2025-06-16T15:00:30","date_gmt":"2025-06-16T15:00:30","guid":{"rendered":"https:\/\/nbcuniversalnewsgroup.com\/telemundo\/?p=1318"},"modified":"2025-06-16T15:00:32","modified_gmt":"2025-06-16T15:00:32","slug":"telemundo-brings-back-the-beat-this-summer-with-the-return-of-fan-favorite-nissan-conciertos-de-verano-starting-friday-june-20","status":"publish","type":"post","link":"https:\/\/nbcuniversalnewsgroup.com\/telemundo\/2025\/06\/16\/telemundo-brings-back-the-beat-this-summer-with-the-return-of-fan-favorite-nissan-conciertos-de-verano-starting-friday-june-20\/","title":{"rendered":"Telemundo Brings Back the Beat this Summer with the Return of Fan-Favorite, Nissan Conciertos de Verano, Starting Friday, June 20"},"content":{"rendered":"\n<p><\/p>\n\n\n\n<p class=\"has-text-align-center\">This Year\u2019s Headliners Include Latin Music Icons Mau y Ricky, Greeicy, Alexis y Fido, Olga Ta\u00f1\u00f3n, Kapo, Sof\u00eda Reyes, De La Ghetto, and Erick Brian<\/p>\n\n\n\n<p class=\"has-text-align-center\"><a href=\"https:\/\/www.dropbox.com\/scl\/fo\/k2a4dwisoakbspxx9jy24\/APlWfqcS08TCpVTAGHshcJc?rlkey=c96m91qm8fphyh0v8qotjy1ay&amp;e=2&amp;st=2fuso6lo&amp;dl=0\"><br><strong>DOWNLOAD PRESS MATERIALS<\/strong><\/a><strong><\/strong><\/p>\n\n\n\n<p><strong>MIAMI \u2013 June 16, 2025<\/strong>&nbsp;\u2013&nbsp;<strong>Telemundo<\/strong>&nbsp;announces the return of&nbsp;<strong><em>Nissan Conciertos de Verano<\/em><\/strong>, the ultimate outdoor concert series celebrating the power and passion of Latin music. Back with more performances and vibrant energy, the series kicks off <strong>Friday, June 20 at 2:45pm\/1:45c<\/strong>, directly following <em>En Casa con Telemundo<\/em>, with an electrifying performance by chart-topping duo&nbsp;<strong>Mau y Ricky<\/strong>. This summer\u2019s lineup takes place at <strong>Telemundo Center<\/strong> in Miami and will feature an exciting mix of fan-favorite artists, including&nbsp;<strong>Greeicy<\/strong>,&nbsp;<strong>Alexis y Fido<\/strong>,&nbsp;<strong>Olga Ta\u00f1\u00f3n<\/strong>,&nbsp;<strong>Kapo<\/strong>,&nbsp;<strong>Sof\u00eda Reyes<\/strong>,&nbsp;<strong>De La Ghetto<\/strong>, and&nbsp;<strong>Erick Brian <\/strong>singing their hits, as well as the <a href=\"https:\/\/urldefense.com\/v3\/__https:\/www.nissanusa.com\/vehicles\/crossovers-suvs\/kicks.html?msockid=05291a15e85368c300ba0f5be99c694c__;!!PIZeeW5wscynRQ!pMGIeDdsKihcHtN5YMCaIa-oLQTpIVe96RNBmqTH8KhBl7fNRsdTNxDm6vq6WBINoDVvC0WuIFw5-J-G9pb9GgDFe4VTMgWxfw$\">all-new, reimagined Nissan Kicks<\/a> serving up bold style.<\/p>\n\n\n\n<p>Hosted by&nbsp;<strong>Andrea Meza<\/strong>, the series will offer exclusive interviews and dynamic performances from Latin music\u2019s most beloved stars. Audiences can enjoy a front-row experience on air and across social platforms thanks to presenting sponsor,&nbsp;<a href=\"https:\/\/urldefense.com\/v3\/__https:\/NissanUSA.com__;!!PIZeeW5wscynRQ!ukUIknYTs5EA-pG-l-wO-TkBZIIC9aG4aKHpeADAd_FAU9x-PtRKbXJ61PuD-5LMqasALudDbHi5F0yqYoD7507VqfQrZpjJ2Q$\">Nissan<\/a>, which continues bringing fans closer to the music and artists they love.<\/p>\n\n\n\n<p>Performances will air every <strong>Friday at 2:45 pm\/1:45c <\/strong>with an incredible musical lineup including:<\/p>\n\n\n\n<ul class=\"wp-block-list\">\n<li>Friday, 6\/20 \u2013 Mau y Ricky<\/li>\n\n\n\n<li><span style=\"font-size: revert\">Friday, 6\/27 \u2013 Greeicy<\/span><\/li>\n\n\n\n<li><span style=\"font-size: revert\">Friday, 7\/4 \u2013 Alexis y Fido<\/span><\/li>\n\n\n\n<li><span style=\"font-size: revert\">Friday, 7\/11 \u2013 Olga Ta\u00f1\u00f3<\/span>n<\/li>\n\n\n\n<li><span style=\"font-size: revert\">Friday, 7\/18 \u2013 Kapo<\/span><\/li>\n\n\n\n<li><span style=\"font-size: revert\">Friday, 7\/25 \u2013 Sof\u00eda<\/span> <span style=\"font-size: revert\">Reyes<\/span><\/li>\n\n\n\n<li><span style=\"font-size: revert\">Friday, 8\/1 \u2013 De la Ghetto<\/span><\/li>\n\n\n\n<li><span style=\"font-size: revert\">Friday, 8\/8 \u2013 Erick Brian<\/span><\/li>\n\n\n\n<li>Friday, 8\/15 \u2013 Mau y Ricky<\/li>\n<\/ul>\n\n\n\n<p>Audiences can watch&nbsp;<em>Nissan<\/em>&nbsp;<em>Conciertos de Verano<\/em>&nbsp;live on Telemundo and catch up on the&nbsp;<a href=\"http:\/\/email.nbcuni.com\/c\/eJxcjU2OtSAQAE-DS9N08-eCxZd84RqTBprRRNF5D-P1J28726qkqkZyhDBJ1F6TDsGBn9YYClvbWgOyzAyONJWyaDCisWms0xYR0IDRVpMh9HOrUgx77bLPjawoAz2Xu29zOY9pj-sY11vRP4VJYXqeZ-65fJzC9F7P560wDdnluHs9FabrvO6dX4rSPY6vwsfF23dX9H_sR63n-FRfkTvPUlbp28_9ZzniIpQ9uNZMwyDZhUwfwBB85tzsNGImVxmXQNlXaMW7xTnh6owAovf8GwAA__-uRFeE\">Telemundo app<\/a>&nbsp;(available on&nbsp;<a href=\"http:\/\/email.nbcuni.com\/c\/eJxczTGO7CAMgOHTkDICGzApKJ70lHvYYGYiZUJ2QrTa26-m3fb_i69mjAh20uzIoUspWpqeWQg11IAhBVokNa6iIo2dUhJY6rRlsOCtd8GhR6C5VS2eyUUhaRjUeHtIuY9tLv017fk5xnkZ_GdgNbCeO__Mj94fu36-gfUa_a0GVj7Py8BadfC2XwbXrRr8X_prHrrr6z5qn_lbp3fmg2ctTz22r_sPN_KiKGRja75BUolJ8BPYJhKWFqaRBWNlWBIKVdsKxSVG5Rq9WgAi_g0AAP__dtBV4A\">Google Play Store<\/a>&nbsp;and&nbsp;<a href=\"http:\/\/email.nbcuni.com\/c\/eJxczUuOrDAMheHVhFkhYyd2MsigdK_YRx6OComCdBP23yr1rKffOdJfIzEhTBoXWWjxnkGmVwyMvlkPjcRhyiHUVlXFBQ_BAeK0RQS0YBe3kCWUuVUtNsnCWXIjp8bCkct9bHM539MeX2P0y9DT4GpwTb1fc-p9189scL2vXzW4Dt31fR_1fJTUDbp_ZNA9_497P69HOd9913F-7ltlDy449jB9x3SkWctLj-3r_lMfMShlAW7NNvSa2Wf6QAIvOeXmphEzcU0YPGWp0IpwYNZU2SogiqSfAAAA__-oGFeq\">Apple Store<\/a>). They can also visit <a href=\"http:\/\/telemundo.com\/nissan-conciertos-de-verano\" target=\"_blank\" rel=\"noreferrer noopener\">telemundo.com\/nissan-conciertos-de-verano<\/a><strong><em>&nbsp;<\/em><\/strong>and the <a href=\"https:\/\/www.youtube.com\/@TelemundoEntretenimiento\">@telemundoentretenimiento<\/a> YouTube channel for exclusive content and the latest news. Plus, fans can join the conversation&nbsp;on&nbsp;<a href=\"https:\/\/www.instagram.com\/telemundo?igsh=Y3J3aHc0eGQ0bTEy\">Instagram<\/a>,&nbsp;<a href=\"http:\/\/email.nbcuni.com\/c\/eJxckruyujwAxJ8GOxxIICSFBRcjHpWjHlG0cRJIBMSoXBR8-m_svvl3O7tb7Oz8sglEEBgjMTEdE5oYI8MZ5ZMUGpIBkaXCYtJmJsEC20SaEjiCpxkaFRNgAMuwTNuEFgTOWGYitZhjIu5wCW2hWYbiaaeKcXq_japJ3raPRoOuBqgGaFdXmZBCNeIba4C-oAbo-fy_VucYyDQtNE7bcSNUdqmLbKxEqwFaNRqgaVWkVw3S7qE0GFhtNA10QFe4CE4_m2Fjw9LdxRyHn_xD8p1cTettowOqCpyTkpbWX12udUCRrwNKFZ1FLJ07eLAv8flab8zdUgc0f9DEZ9ufv673ySJZJF7X-w-v-n1vL67psGv0Jva-cPmx_gkQ9g7hvBjYc60Dr76mPq5ulQ68X36M5XSxan4JI0vWfNCR5UmY_onQ798zoAMazz-uF193zv670WXbR4dDHXj43iR4WBZd3xM_MVY7Y0e8IrELkacwW3ckXnr583li91WYvqFqrGqfWEMZxCZf2y6__QYvvJnarUgX2B22F9x4_u19_FFOQrcv133MB7kMjJkOvD2nnEh7B6gOPH68lbdX_D3sZAck0YEnXnv89za9_VcHYdsdX_dnOXO7sLZm_SzG6gDt_BLdLCWNxeb98et9fPfDTAzZ86-fRaEXNLMpujyaTRkoSbLLMgqrmdABPdzUHh1cHvYt6zJBXB0G57MGPQ2YGjDX85MQB_vdpIPabjRgtovtoqeZ7wy6u_qNkRstl0GguF5A5b_2ITgpPoUlHbrhuIvk205AZDkk6KMeBXy-LqVn1GQgt0od-fxZFEQcNWADa1RPmGJjkeZCFc_uH4zbCRGQOwaS0pIAC44wh1-DGdjhjEt71E44RBkDBEPuZIZMHUQQEixDljAAcBz2XwAAAP__d2AVOw\">Facebook<\/a>,&nbsp;<a href=\"https:\/\/www.tiktok.com\/@telemundo?_t=ZP-8x7hhMEMZKB&amp;_r=1\">TikTok<\/a>&nbsp;and&nbsp;<a href=\"http:\/\/email.nbcuni.com\/c\/eJxcksmysjoYAJ8Gd1jkS4CwcMFgjrPiiG4sAskBxagMAj79rbO79W-7e9npCFsYjIEYIRthRKll2INshKQAG1EkhckTSFKEgVuOTXGMqAOJM8hHYAAxCDIRJhjsoUxFQmIbWdzmEptCI4biSaPyYfJ8DIpRVtevSsOuBkwD1pRFKqRQlfjTGrAP1oBdr_-rGtuwECLWMKmHlVDpb5mnQyVqDVhRacCSIk_uGmbNS2k4IPVqHOjAljQPLrOwD018c_eH3dGnrv8820nAH-r0nTFlycunTRoZyvWOFmlI0liimkSFIPr1XoZov9CBZS8W-fF2tms635lH88hrOv_lFet2--siO76vWsc85i4_l7PAot5pMs37-L3RwSvviU-LR6GDt-bngxzPl9XaiZ1FXH2tc5xFk2QnJn7X_oAO7DD9ut7hvrePlQ7Mjbevhk508Oizimi_yJuuc_zIWO6NvePlkZmLLMHppnEOCy97vy_xczlJWqwqUhwj0t-CA-Ib0-WPdfCh4disRTKnbr_9pZXnP9rwW36-43YNNx2YakNcsqloD7I5GatTELcFu-jg6cDC4PgY68DQWs26fY4vnklmz48pdub8-fst9mHXiZdbvcPHLCOzVv4svXv43bKqpHh8pC_nbOrgLbiXo1RuXFmwn8zMf0g35W40J6lCn6zNjJd4TDbL_atcj_uvDHUcXK8a9jRAGqDN9CLEyWyrpFfbUANUz7fzjqW-3evucn2w3NViEQSK6zlW_uc4gYviY3xjfdOf9yvZmhGsiO0E3aqzAj7d3KRnlE7vPAp15r5z13v-1MAEMihHsYqHIsmEyt_NP_vWI0dgbhuWlEQCFdyiHP-B2KA2j7k0B_WIYyuNwaGY26khE9tyLEvEqUWEAWDb8X8BAAD__xS3E14\">X<\/a>&nbsp;using #NissanConciertosdeVerano.<\/p>\n\n\n\n<p>###<\/p>\n\n\n\n<p><strong>About NBCUniversal Telemundo Enterprises:\u202f<\/strong><\/p>\n\n\n\n<p>NBCUniversal Telemundo Enterprises leads the media industry in the production and distribution of Spanish-language content for U.S. Hispanics and audiences around the world. The company serves U.S. Hispanics through its national broadcast network, the cable network Universo, and digital platforms including the Telemundo app, a suite of FAST channels, and streaming services, such as Peacock, among others. The Telemundo Network offers Spanish-language entertainment, news, and sports content reaching 95% of U.S. Hispanic TV households in 210 markets through 30 owned stations and 91 affiliate stations. Telemundo also owns an independent station serving Puerto Rico. Anchored on Telemundo Studios, the network is the #1 producer of scripted Spanish-language content in the U.S., and the only network to produce original content specifically for US Hispanic audiences. Offering over 600 hours of reality TV shows a year, and top-rated live specials such as the Billboard Latin Music Awards and Miss Universe,&nbsp;Telemundo is considered the undisputed&nbsp;Home of Live TV&nbsp;in Hispanic media. The network is also the exclusive Spanish-language home of the world\u2019s two most popular sporting events, the FIFA World Cup and the Olympic Games. NBCUniversal Telemundo Enterprises is a division of NBCUniversal, a subsidiary of Comcast Corporation.<\/p>\n\n\n\n<p><strong>About Nissan:<\/strong><\/p>\n\n\n\n<p>For more information about Nissan\u2019s products, services and commitment to sustainable mobility, visit&nbsp;<a href=\"https:\/\/urldefense.com\/v3\/__https:\/www.nissanusa.com\/__;!!PIZeeW5wscynRQ!ukUIknYTs5EA-pG-l-wO-TkBZIIC9aG4aKHpeADAd_FAU9x-PtRKbXJ61PuD-5LMqasALudDbHi5F0yqYoD7507VqfTvIllJQA$\">nissanusa.com<\/a>. You can also follow us on&nbsp;<a href=\"https:\/\/urldefense.com\/v3\/__https:\/www.facebook.com\/nissanusa\/__;!!PIZeeW5wscynRQ!ukUIknYTs5EA-pG-l-wO-TkBZIIC9aG4aKHpeADAd_FAU9x-PtRKbXJ61PuD-5LMqasALudDbHi5F0yqYoD7507VqfQsdHYX2g$\">Facebook<\/a>,&nbsp;<a href=\"https:\/\/urldefense.com\/v3\/__https:\/www.instagram.com\/nissanusa\/__;!!PIZeeW5wscynRQ!ukUIknYTs5EA-pG-l-wO-TkBZIIC9aG4aKHpeADAd_FAU9x-PtRKbXJ61PuD-5LMqasALudDbHi5F0yqYoD7507VqfSYQr3tEw$\">Instagram<\/a>,&nbsp;<a href=\"https:\/\/urldefense.com\/v3\/__https:\/twitter.com\/NissanUSA__;!!PIZeeW5wscynRQ!ukUIknYTs5EA-pG-l-wO-TkBZIIC9aG4aKHpeADAd_FAU9x-PtRKbXJ61PuD-5LMqasALudDbHi5F0yqYoD7507VqfQJzoBJnQ$\">X (Twitter)<\/a>&nbsp;and&nbsp;<a href=\"https:\/\/urldefense.com\/v3\/__https:\/www.linkedin.com\/company\/nissan-motor-corporation__;!!PIZeeW5wscynRQ!ukUIknYTs5EA-pG-l-wO-TkBZIIC9aG4aKHpeADAd_FAU9x-PtRKbXJ61PuD-5LMqasALudDbHi5F0yqYoD7507VqfSyNNqKVg$\">LinkedIn<\/a>&nbsp;and&nbsp;see all our&nbsp;latest videos on&nbsp;<a href=\"https:\/\/urldefense.com\/v3\/__https:\/www.youtube.com\/user\/nissanusa\/__;!!PIZeeW5wscynRQ!ukUIknYTs5EA-pG-l-wO-TkBZIIC9aG4aKHpeADAd_FAU9x-PtRKbXJ61PuD-5LMqasALudDbHi5F0yqYoD7507VqfT0LI1mrg$\">YouTube<\/a>.&nbsp;<\/p>\n\n\n\n<p><strong>Media contact:<br><\/strong>Ana Echenique<\/p>\n\n\n\n<p>Manager, Programming Publicity<\/p>\n\n\n\n<p><a href=\"mailto:Ana.Echenique@nbcuni.com\">Ana.Echenique@nbcuni.com<\/a><\/p>\n","protected":false},"excerpt":{"rendered":"<p>This Year\u2019s Headliners Include Latin Music Icons Mau y Ricky, Greeicy, Alexis y Fido, Olga Ta\u00f1\u00f3n, Kapo, Sof\u00eda Reyes, De La Ghetto, and Erick Brian DOWNLOAD PRESS MATERIALS MIAMI \u2013 June 16, 2025&nbsp;\u2013&nbsp;Telemundo&nbsp;announces the return of&nbsp;Nissan Conciertos de Verano, the ultimate outdoor concert series celebrating the power and passion of Latin music. Back with more [&#8230;]<\/p>\n<p><a class=\"btn btn-secondary understrap-read-more-link\" href=\"https:\/\/nbcuniversalnewsgroup.com\/telemundo\/2025\/06\/16\/telemundo-brings-back-the-beat-this-summer-with-the-return-of-fan-favorite-nissan-conciertos-de-verano-starting-friday-june-20\/\">Read More&#8230;<span class=\"screen-reader-text\"> from Telemundo Brings Back the Beat this Summer with the Return of Fan-Favorite, Nissan Conciertos de Verano, Starting Friday, June 20<\/span><\/a><\/p>\n","protected":false},"author":3,"featured_media":1319,"comment_status":"open","ping_status":"open","sticky":false,"template":"","format":"standard","meta":{"jetpack_post_was_ever_published":false,"footnotes":""},"categories":[18],"tags":[],"class_list":["post-1318","post","type-post","status-publish","format-standard","has-post-thumbnail","hentry","category-telemundo-en"],"yoast_head":"<!-- This site is optimized with the Yoast SEO plugin v27.5 - https:\/\/yoast.com\/product\/yoast-seo-wordpress\/ -->\n<title>Telemundo Brings Back the Beat this Summer with the Return of Fan-Favorite, Nissan Conciertos de Verano, Starting Friday, June 20 - NBCUniversal Telemundo Enterprises Press Releases<\/title>\n<meta name=\"robots\" content=\"index, follow, max-snippet:-1, max-image-preview:large, max-video-preview:-1\" \/>\n<link rel=\"canonical\" href=\"https:\/\/nbcuniversalnewsgroup.com\/telemundo\/2025\/06\/16\/telemundo-brings-back-the-beat-this-summer-with-the-return-of-fan-favorite-nissan-conciertos-de-verano-starting-friday-june-20\/\" \/>\n<meta property=\"og:locale\" content=\"en_US\" \/>\n<meta property=\"og:type\" content=\"article\" \/>\n<meta property=\"og:title\" content=\"Telemundo Brings Back the Beat this Summer with the Return of Fan-Favorite, Nissan Conciertos de Verano, Starting Friday, June 20 - NBCUniversal Telemundo Enterprises Press Releases\" \/>\n<meta property=\"og:description\" content=\"This Year\u2019s Headliners Include Latin Music Icons Mau y Ricky, Greeicy, Alexis y Fido, Olga Ta\u00f1\u00f3n, Kapo, Sof\u00eda Reyes, De La Ghetto, and Erick Brian DOWNLOAD PRESS MATERIALS MIAMI \u2013 June 16, 2025&nbsp;\u2013&nbsp;Telemundo&nbsp;announces the return of&nbsp;Nissan Conciertos de Verano, the ultimate outdoor concert series celebrating the power and passion of Latin music. Back with more [...]Read More... from Telemundo Brings Back the Beat this Summer with the Return of Fan-Favorite, Nissan Conciertos de Verano, Starting Friday, June 20\" \/>\n<meta property=\"og:url\" content=\"https:\/\/nbcuniversalnewsgroup.com\/telemundo\/2025\/06\/16\/telemundo-brings-back-the-beat-this-summer-with-the-return-of-fan-favorite-nissan-conciertos-de-verano-starting-friday-june-20\/\" \/>\n<meta property=\"og:site_name\" content=\"NBCUniversal Telemundo Enterprises Press Releases\" \/>\n<meta property=\"article:publisher\" content=\"https:\/\/www.facebook.com\/NBCUTelemundo\/\" \/>\n<meta property=\"article:published_time\" content=\"2025-06-16T15:00:30+00:00\" \/>\n<meta property=\"article:modified_time\" content=\"2025-06-16T15:00:32+00:00\" \/>\n<meta property=\"og:image\" content=\"https:\/\/nbcuniversalnewsgroup.com\/telemundo\/wp-content\/uploads\/sites\/7\/2025\/06\/Conciertos-de-Verano_SPA-1920x1080-1.jpg\" \/>\n\t<meta property=\"og:image:width\" content=\"1920\" \/>\n\t<meta property=\"og:image:height\" content=\"1080\" \/>\n\t<meta property=\"og:image:type\" content=\"image\/jpeg\" \/>\n<meta name=\"author\" content=\"NBCUniversal News Group\" \/>\n<meta name=\"twitter:card\" content=\"summary_large_image\" \/>\n<meta name=\"twitter:creator\" content=\"@NBCUTelemundo\" \/>\n<meta name=\"twitter:site\" content=\"@NBCUTelemundo\" \/>\n<meta name=\"twitter:label1\" content=\"Written by\" \/>\n\t<meta name=\"twitter:data1\" content=\"NBCUniversal News Group\" \/>\n\t<meta name=\"twitter:label2\" content=\"Est. reading time\" \/>\n\t<meta name=\"twitter:data2\" content=\"3 minutes\" \/>\n<script type=\"application\/ld+json\" class=\"yoast-schema-graph\">{\"@context\":\"https:\\\/\\\/schema.org\",\"@graph\":[{\"@type\":\"Article\",\"@id\":\"https:\\\/\\\/nbcuniversalnewsgroup.com\\\/telemundo\\\/2025\\\/06\\\/16\\\/telemundo-brings-back-the-beat-this-summer-with-the-return-of-fan-favorite-nissan-conciertos-de-verano-starting-friday-june-20\\\/#article\",\"isPartOf\":{\"@id\":\"https:\\\/\\\/nbcuniversalnewsgroup.com\\\/telemundo\\\/2025\\\/06\\\/16\\\/telemundo-brings-back-the-beat-this-summer-with-the-return-of-fan-favorite-nissan-conciertos-de-verano-starting-friday-june-20\\\/\"},\"author\":{\"name\":\"NBCUniversal News Group\",\"@id\":\"https:\\\/\\\/nbcuniversalnewsgroup.com\\\/telemundo\\\/#\\\/schema\\\/person\\\/71375f95e907cc09385448ec02f6937f\"},\"headline\":\"Telemundo Brings Back the Beat this Summer with the Return of Fan-Favorite, Nissan Conciertos de Verano, Starting Friday, June 20\",\"datePublished\":\"2025-06-16T15:00:30+00:00\",\"dateModified\":\"2025-06-16T15:00:32+00:00\",\"mainEntityOfPage\":{\"@id\":\"https:\\\/\\\/nbcuniversalnewsgroup.com\\\/telemundo\\\/2025\\\/06\\\/16\\\/telemundo-brings-back-the-beat-this-summer-with-the-return-of-fan-favorite-nissan-conciertos-de-verano-starting-friday-june-20\\\/\"},\"wordCount\":604,\"commentCount\":0,\"publisher\":{\"@id\":\"https:\\\/\\\/nbcuniversalnewsgroup.com\\\/telemundo\\\/#organization\"},\"image\":{\"@id\":\"https:\\\/\\\/nbcuniversalnewsgroup.com\\\/telemundo\\\/2025\\\/06\\\/16\\\/telemundo-brings-back-the-beat-this-summer-with-the-return-of-fan-favorite-nissan-conciertos-de-verano-starting-friday-june-20\\\/#primaryimage\"},\"thumbnailUrl\":\"https:\\\/\\\/i0.wp.com\\\/nbcuniversalnewsgroup.com\\\/telemundo\\\/wp-content\\\/uploads\\\/sites\\\/7\\\/2025\\\/06\\\/Conciertos-de-Verano_SPA-1920x1080-1.jpg?fit=1920%2C1080&ssl=1\",\"articleSection\":[\"Telemundo\"],\"inLanguage\":\"en-US\"},{\"@type\":\"WebPage\",\"@id\":\"https:\\\/\\\/nbcuniversalnewsgroup.com\\\/telemundo\\\/2025\\\/06\\\/16\\\/telemundo-brings-back-the-beat-this-summer-with-the-return-of-fan-favorite-nissan-conciertos-de-verano-starting-friday-june-20\\\/\",\"url\":\"https:\\\/\\\/nbcuniversalnewsgroup.com\\\/telemundo\\\/2025\\\/06\\\/16\\\/telemundo-brings-back-the-beat-this-summer-with-the-return-of-fan-favorite-nissan-conciertos-de-verano-starting-friday-june-20\\\/\",\"name\":\"Telemundo Brings Back the Beat this Summer with the Return of Fan-Favorite, Nissan Conciertos de Verano, Starting Friday, June 20 - NBCUniversal Telemundo Enterprises Press Releases\",\"isPartOf\":{\"@id\":\"https:\\\/\\\/nbcuniversalnewsgroup.com\\\/telemundo\\\/#website\"},\"primaryImageOfPage\":{\"@id\":\"https:\\\/\\\/nbcuniversalnewsgroup.com\\\/telemundo\\\/2025\\\/06\\\/16\\\/telemundo-brings-back-the-beat-this-summer-with-the-return-of-fan-favorite-nissan-conciertos-de-verano-starting-friday-june-20\\\/#primaryimage\"},\"image\":{\"@id\":\"https:\\\/\\\/nbcuniversalnewsgroup.com\\\/telemundo\\\/2025\\\/06\\\/16\\\/telemundo-brings-back-the-beat-this-summer-with-the-return-of-fan-favorite-nissan-conciertos-de-verano-starting-friday-june-20\\\/#primaryimage\"},\"thumbnailUrl\":\"https:\\\/\\\/i0.wp.com\\\/nbcuniversalnewsgroup.com\\\/telemundo\\\/wp-content\\\/uploads\\\/sites\\\/7\\\/2025\\\/06\\\/Conciertos-de-Verano_SPA-1920x1080-1.jpg?fit=1920%2C1080&ssl=1\",\"datePublished\":\"2025-06-16T15:00:30+00:00\",\"dateModified\":\"2025-06-16T15:00:32+00:00\",\"breadcrumb\":{\"@id\":\"https:\\\/\\\/nbcuniversalnewsgroup.com\\\/telemundo\\\/2025\\\/06\\\/16\\\/telemundo-brings-back-the-beat-this-summer-with-the-return-of-fan-favorite-nissan-conciertos-de-verano-starting-friday-june-20\\\/#breadcrumb\"},\"inLanguage\":\"en-US\",\"potentialAction\":[{\"@type\":\"ReadAction\",\"target\":[\"https:\\\/\\\/nbcuniversalnewsgroup.com\\\/telemundo\\\/2025\\\/06\\\/16\\\/telemundo-brings-back-the-beat-this-summer-with-the-return-of-fan-favorite-nissan-conciertos-de-verano-starting-friday-june-20\\\/\"]}]},{\"@type\":\"ImageObject\",\"inLanguage\":\"en-US\",\"@id\":\"https:\\\/\\\/nbcuniversalnewsgroup.com\\\/telemundo\\\/2025\\\/06\\\/16\\\/telemundo-brings-back-the-beat-this-summer-with-the-return-of-fan-favorite-nissan-conciertos-de-verano-starting-friday-june-20\\\/#primaryimage\",\"url\":\"https:\\\/\\\/i0.wp.com\\\/nbcuniversalnewsgroup.com\\\/telemundo\\\/wp-content\\\/uploads\\\/sites\\\/7\\\/2025\\\/06\\\/Conciertos-de-Verano_SPA-1920x1080-1.jpg?fit=1920%2C1080&ssl=1\",\"contentUrl\":\"https:\\\/\\\/i0.wp.com\\\/nbcuniversalnewsgroup.com\\\/telemundo\\\/wp-content\\\/uploads\\\/sites\\\/7\\\/2025\\\/06\\\/Conciertos-de-Verano_SPA-1920x1080-1.jpg?fit=1920%2C1080&ssl=1\",\"width\":1920,\"height\":1080},{\"@type\":\"BreadcrumbList\",\"@id\":\"https:\\\/\\\/nbcuniversalnewsgroup.com\\\/telemundo\\\/2025\\\/06\\\/16\\\/telemundo-brings-back-the-beat-this-summer-with-the-return-of-fan-favorite-nissan-conciertos-de-verano-starting-friday-june-20\\\/#breadcrumb\",\"itemListElement\":[{\"@type\":\"ListItem\",\"position\":1,\"name\":\"Home\",\"item\":\"https:\\\/\\\/nbcuniversalnewsgroup.com\\\/telemundo\\\/\"},{\"@type\":\"ListItem\",\"position\":2,\"name\":\"Telemundo Brings Back the Beat this Summer with the Return of Fan-Favorite, Nissan Conciertos de Verano, Starting Friday, June 20\"}]},{\"@type\":\"WebSite\",\"@id\":\"https:\\\/\\\/nbcuniversalnewsgroup.com\\\/telemundo\\\/#website\",\"url\":\"https:\\\/\\\/nbcuniversalnewsgroup.com\\\/telemundo\\\/\",\"name\":\"NBCUniversal Telemundo Enterprises Press Releases\",\"description\":\"NBCUniversal Telemundo Enterprises leads the media industry in the production and distribution of Spanish-language entertainment, news and sports content for U.S. Hispanics and audiences around the world.\",\"publisher\":{\"@id\":\"https:\\\/\\\/nbcuniversalnewsgroup.com\\\/telemundo\\\/#organization\"},\"potentialAction\":[{\"@type\":\"SearchAction\",\"target\":{\"@type\":\"EntryPoint\",\"urlTemplate\":\"https:\\\/\\\/nbcuniversalnewsgroup.com\\\/telemundo\\\/?s={search_term_string}\"},\"query-input\":{\"@type\":\"PropertyValueSpecification\",\"valueRequired\":true,\"valueName\":\"search_term_string\"}}],\"inLanguage\":\"en-US\"},{\"@type\":\"Organization\",\"@id\":\"https:\\\/\\\/nbcuniversalnewsgroup.com\\\/telemundo\\\/#organization\",\"name\":\"NBCUniversal Telemundo Enterprises Press Releases\",\"url\":\"https:\\\/\\\/nbcuniversalnewsgroup.com\\\/telemundo\\\/\",\"logo\":{\"@type\":\"ImageObject\",\"inLanguage\":\"en-US\",\"@id\":\"https:\\\/\\\/nbcuniversalnewsgroup.com\\\/telemundo\\\/#\\\/schema\\\/logo\\\/image\\\/\",\"url\":\"\",\"contentUrl\":\"\",\"caption\":\"NBCUniversal Telemundo Enterprises Press Releases\"},\"image\":{\"@id\":\"https:\\\/\\\/nbcuniversalnewsgroup.com\\\/telemundo\\\/#\\\/schema\\\/logo\\\/image\\\/\"},\"sameAs\":[\"https:\\\/\\\/www.facebook.com\\\/NBCUTelemundo\\\/\",\"https:\\\/\\\/x.com\\\/NBCUTelemundo\",\"https:\\\/\\\/www.instagram.com\\\/nbcutelemundo\\\/\",\"https:\\\/\\\/www.linkedin.com\\\/company\\\/nbcuniversaltelemundoenterprises\",\"https:\\\/\\\/www.threads.net\\\/@nbcutelemundo\"]},{\"@type\":\"Person\",\"@id\":\"https:\\\/\\\/nbcuniversalnewsgroup.com\\\/telemundo\\\/#\\\/schema\\\/person\\\/71375f95e907cc09385448ec02f6937f\",\"name\":\"NBCUniversal News Group\",\"image\":{\"@type\":\"ImageObject\",\"inLanguage\":\"en-US\",\"@id\":\"https:\\\/\\\/secure.gravatar.com\\\/avatar\\\/e10e6d3cbbefdce7f5e6bb676ab54cd85e88d8109192053eb487cc96406e49b0?s=96&d=mm&r=g\",\"url\":\"https:\\\/\\\/secure.gravatar.com\\\/avatar\\\/e10e6d3cbbefdce7f5e6bb676ab54cd85e88d8109192053eb487cc96406e49b0?s=96&d=mm&r=g\",\"contentUrl\":\"https:\\\/\\\/secure.gravatar.com\\\/avatar\\\/e10e6d3cbbefdce7f5e6bb676ab54cd85e88d8109192053eb487cc96406e49b0?s=96&d=mm&r=g\",\"caption\":\"NBCUniversal News Group\"},\"url\":\"https:\\\/\\\/nbcuniversalnewsgroup.com\\\/telemundo\\\/author\\\/trasaterra\\\/\"}]}<\/script>\n<!-- \/ Yoast SEO plugin. -->","yoast_head_json":{"title":"Telemundo Brings Back the Beat this Summer with the Return of Fan-Favorite, Nissan Conciertos de Verano, Starting Friday, June 20 - NBCUniversal Telemundo Enterprises Press Releases","robots":{"index":"index","follow":"follow","max-snippet":"max-snippet:-1","max-image-preview":"max-image-preview:large","max-video-preview":"max-video-preview:-1"},"canonical":"https:\/\/nbcuniversalnewsgroup.com\/telemundo\/2025\/06\/16\/telemundo-brings-back-the-beat-this-summer-with-the-return-of-fan-favorite-nissan-conciertos-de-verano-starting-friday-june-20\/","og_locale":"en_US","og_type":"article","og_title":"Telemundo Brings Back the Beat this Summer with the Return of Fan-Favorite, Nissan Conciertos de Verano, Starting Friday, June 20 - NBCUniversal Telemundo Enterprises Press Releases","og_description":"This Year\u2019s Headliners Include Latin Music Icons Mau y Ricky, Greeicy, Alexis y Fido, Olga Ta\u00f1\u00f3n, Kapo, Sof\u00eda Reyes, De La Ghetto, and Erick Brian DOWNLOAD PRESS MATERIALS MIAMI \u2013 June 16, 2025&nbsp;\u2013&nbsp;Telemundo&nbsp;announces the return of&nbsp;Nissan Conciertos de Verano, the ultimate outdoor concert series celebrating the power and passion of Latin music. Back with more [...]Read More... from Telemundo Brings Back the Beat this Summer with the Return of Fan-Favorite, Nissan Conciertos de Verano, Starting Friday, June 20","og_url":"https:\/\/nbcuniversalnewsgroup.com\/telemundo\/2025\/06\/16\/telemundo-brings-back-the-beat-this-summer-with-the-return-of-fan-favorite-nissan-conciertos-de-verano-starting-friday-june-20\/","og_site_name":"NBCUniversal Telemundo Enterprises Press Releases","article_publisher":"https:\/\/www.facebook.com\/NBCUTelemundo\/","article_published_time":"2025-06-16T15:00:30+00:00","article_modified_time":"2025-06-16T15:00:32+00:00","og_image":[{"width":1920,"height":1080,"url":"https:\/\/nbcuniversalnewsgroup.com\/telemundo\/wp-content\/uploads\/sites\/7\/2025\/06\/Conciertos-de-Verano_SPA-1920x1080-1.jpg","type":"image\/jpeg"}],"author":"NBCUniversal News Group","twitter_card":"summary_large_image","twitter_creator":"@NBCUTelemundo","twitter_site":"@NBCUTelemundo","twitter_misc":{"Written by":"NBCUniversal News Group","Est. reading time":"3 minutes"},"schema":{"@context":"https:\/\/schema.org","@graph":[{"@type":"Article","@id":"https:\/\/nbcuniversalnewsgroup.com\/telemundo\/2025\/06\/16\/telemundo-brings-back-the-beat-this-summer-with-the-return-of-fan-favorite-nissan-conciertos-de-verano-starting-friday-june-20\/#article","isPartOf":{"@id":"https:\/\/nbcuniversalnewsgroup.com\/telemundo\/2025\/06\/16\/telemundo-brings-back-the-beat-this-summer-with-the-return-of-fan-favorite-nissan-conciertos-de-verano-starting-friday-june-20\/"},"author":{"name":"NBCUniversal News Group","@id":"https:\/\/nbcuniversalnewsgroup.com\/telemundo\/#\/schema\/person\/71375f95e907cc09385448ec02f6937f"},"headline":"Telemundo Brings Back the Beat this Summer with the Return of Fan-Favorite, Nissan Conciertos de Verano, Starting Friday, June 20","datePublished":"2025-06-16T15:00:30+00:00","dateModified":"2025-06-16T15:00:32+00:00","mainEntityOfPage":{"@id":"https:\/\/nbcuniversalnewsgroup.com\/telemundo\/2025\/06\/16\/telemundo-brings-back-the-beat-this-summer-with-the-return-of-fan-favorite-nissan-conciertos-de-verano-starting-friday-june-20\/"},"wordCount":604,"commentCount":0,"publisher":{"@id":"https:\/\/nbcuniversalnewsgroup.com\/telemundo\/#organization"},"image":{"@id":"https:\/\/nbcuniversalnewsgroup.com\/telemundo\/2025\/06\/16\/telemundo-brings-back-the-beat-this-summer-with-the-return-of-fan-favorite-nissan-conciertos-de-verano-starting-friday-june-20\/#primaryimage"},"thumbnailUrl":"https:\/\/i0.wp.com\/nbcuniversalnewsgroup.com\/telemundo\/wp-content\/uploads\/sites\/7\/2025\/06\/Conciertos-de-Verano_SPA-1920x1080-1.jpg?fit=1920%2C1080&ssl=1","articleSection":["Telemundo"],"inLanguage":"en-US"},{"@type":"WebPage","@id":"https:\/\/nbcuniversalnewsgroup.com\/telemundo\/2025\/06\/16\/telemundo-brings-back-the-beat-this-summer-with-the-return-of-fan-favorite-nissan-conciertos-de-verano-starting-friday-june-20\/","url":"https:\/\/nbcuniversalnewsgroup.com\/telemundo\/2025\/06\/16\/telemundo-brings-back-the-beat-this-summer-with-the-return-of-fan-favorite-nissan-conciertos-de-verano-starting-friday-june-20\/","name":"Telemundo Brings Back the Beat this Summer with the Return of Fan-Favorite, Nissan Conciertos de Verano, Starting Friday, June 20 - NBCUniversal Telemundo Enterprises Press Releases","isPartOf":{"@id":"https:\/\/nbcuniversalnewsgroup.com\/telemundo\/#website"},"primaryImageOfPage":{"@id":"https:\/\/nbcuniversalnewsgroup.com\/telemundo\/2025\/06\/16\/telemundo-brings-back-the-beat-this-summer-with-the-return-of-fan-favorite-nissan-conciertos-de-verano-starting-friday-june-20\/#primaryimage"},"image":{"@id":"https:\/\/nbcuniversalnewsgroup.com\/telemundo\/2025\/06\/16\/telemundo-brings-back-the-beat-this-summer-with-the-return-of-fan-favorite-nissan-conciertos-de-verano-starting-friday-june-20\/#primaryimage"},"thumbnailUrl":"https:\/\/i0.wp.com\/nbcuniversalnewsgroup.com\/telemundo\/wp-content\/uploads\/sites\/7\/2025\/06\/Conciertos-de-Verano_SPA-1920x1080-1.jpg?fit=1920%2C1080&ssl=1","datePublished":"2025-06-16T15:00:30+00:00","dateModified":"2025-06-16T15:00:32+00:00","breadcrumb":{"@id":"https:\/\/nbcuniversalnewsgroup.com\/telemundo\/2025\/06\/16\/telemundo-brings-back-the-beat-this-summer-with-the-return-of-fan-favorite-nissan-conciertos-de-verano-starting-friday-june-20\/#breadcrumb"},"inLanguage":"en-US","potentialAction":[{"@type":"ReadAction","target":["https:\/\/nbcuniversalnewsgroup.com\/telemundo\/2025\/06\/16\/telemundo-brings-back-the-beat-this-summer-with-the-return-of-fan-favorite-nissan-conciertos-de-verano-starting-friday-june-20\/"]}]},{"@type":"ImageObject","inLanguage":"en-US","@id":"https:\/\/nbcuniversalnewsgroup.com\/telemundo\/2025\/06\/16\/telemundo-brings-back-the-beat-this-summer-with-the-return-of-fan-favorite-nissan-conciertos-de-verano-starting-friday-june-20\/#primaryimage","url":"https:\/\/i0.wp.com\/nbcuniversalnewsgroup.com\/telemundo\/wp-content\/uploads\/sites\/7\/2025\/06\/Conciertos-de-Verano_SPA-1920x1080-1.jpg?fit=1920%2C1080&ssl=1","contentUrl":"https:\/\/i0.wp.com\/nbcuniversalnewsgroup.com\/telemundo\/wp-content\/uploads\/sites\/7\/2025\/06\/Conciertos-de-Verano_SPA-1920x1080-1.jpg?fit=1920%2C1080&ssl=1","width":1920,"height":1080},{"@type":"BreadcrumbList","@id":"https:\/\/nbcuniversalnewsgroup.com\/telemundo\/2025\/06\/16\/telemundo-brings-back-the-beat-this-summer-with-the-return-of-fan-favorite-nissan-conciertos-de-verano-starting-friday-june-20\/#breadcrumb","itemListElement":[{"@type":"ListItem","position":1,"name":"Home","item":"https:\/\/nbcuniversalnewsgroup.com\/telemundo\/"},{"@type":"ListItem","position":2,"name":"Telemundo Brings Back the Beat this Summer with the Return of Fan-Favorite, Nissan Conciertos de Verano, Starting Friday, June 20"}]},{"@type":"WebSite","@id":"https:\/\/nbcuniversalnewsgroup.com\/telemundo\/#website","url":"https:\/\/nbcuniversalnewsgroup.com\/telemundo\/","name":"NBCUniversal Telemundo Enterprises Press Releases","description":"NBCUniversal Telemundo Enterprises leads the media industry in the production and distribution of Spanish-language entertainment, news and sports content for U.S. Hispanics and audiences around the world.","publisher":{"@id":"https:\/\/nbcuniversalnewsgroup.com\/telemundo\/#organization"},"potentialAction":[{"@type":"SearchAction","target":{"@type":"EntryPoint","urlTemplate":"https:\/\/nbcuniversalnewsgroup.com\/telemundo\/?s={search_term_string}"},"query-input":{"@type":"PropertyValueSpecification","valueRequired":true,"valueName":"search_term_string"}}],"inLanguage":"en-US"},{"@type":"Organization","@id":"https:\/\/nbcuniversalnewsgroup.com\/telemundo\/#organization","name":"NBCUniversal Telemundo Enterprises Press Releases","url":"https:\/\/nbcuniversalnewsgroup.com\/telemundo\/","logo":{"@type":"ImageObject","inLanguage":"en-US","@id":"https:\/\/nbcuniversalnewsgroup.com\/telemundo\/#\/schema\/logo\/image\/","url":"","contentUrl":"","caption":"NBCUniversal Telemundo Enterprises Press Releases"},"image":{"@id":"https:\/\/nbcuniversalnewsgroup.com\/telemundo\/#\/schema\/logo\/image\/"},"sameAs":["https:\/\/www.facebook.com\/NBCUTelemundo\/","https:\/\/x.com\/NBCUTelemundo","https:\/\/www.instagram.com\/nbcutelemundo\/","https:\/\/www.linkedin.com\/company\/nbcuniversaltelemundoenterprises","https:\/\/www.threads.net\/@nbcutelemundo"]},{"@type":"Person","@id":"https:\/\/nbcuniversalnewsgroup.com\/telemundo\/#\/schema\/person\/71375f95e907cc09385448ec02f6937f","name":"NBCUniversal News Group","image":{"@type":"ImageObject","inLanguage":"en-US","@id":"https:\/\/secure.gravatar.com\/avatar\/e10e6d3cbbefdce7f5e6bb676ab54cd85e88d8109192053eb487cc96406e49b0?s=96&d=mm&r=g","url":"https:\/\/secure.gravatar.com\/avatar\/e10e6d3cbbefdce7f5e6bb676ab54cd85e88d8109192053eb487cc96406e49b0?s=96&d=mm&r=g","contentUrl":"https:\/\/secure.gravatar.com\/avatar\/e10e6d3cbbefdce7f5e6bb676ab54cd85e88d8109192053eb487cc96406e49b0?s=96&d=mm&r=g","caption":"NBCUniversal News Group"},"url":"https:\/\/nbcuniversalnewsgroup.com\/telemundo\/author\/trasaterra\/"}]}},"jetpack_featured_media_url":"https:\/\/i0.wp.com\/nbcuniversalnewsgroup.com\/telemundo\/wp-content\/uploads\/sites\/7\/2025\/06\/Conciertos-de-Verano_SPA-1920x1080-1.jpg?fit=1920%2C1080&ssl=1","_links":{"self":[{"href":"https:\/\/nbcuniversalnewsgroup.com\/telemundo\/wp-json\/wp\/v2\/posts\/1318","targetHints":{"allow":["GET"]}}],"collection":[{"href":"https:\/\/nbcuniversalnewsgroup.com\/telemundo\/wp-json\/wp\/v2\/posts"}],"about":[{"href":"https:\/\/nbcuniversalnewsgroup.com\/telemundo\/wp-json\/wp\/v2\/types\/post"}],"author":[{"embeddable":true,"href":"https:\/\/nbcuniversalnewsgroup.com\/telemundo\/wp-json\/wp\/v2\/users\/3"}],"replies":[{"embeddable":true,"href":"https:\/\/nbcuniversalnewsgroup.com\/telemundo\/wp-json\/wp\/v2\/comments?post=1318"}],"version-history":[{"count":0,"href":"https:\/\/nbcuniversalnewsgroup.com\/telemundo\/wp-json\/wp\/v2\/posts\/1318\/revisions"}],"wp:featuredmedia":[{"embeddable":true,"href":"https:\/\/nbcuniversalnewsgroup.com\/telemundo\/wp-json\/wp\/v2\/media\/1319"}],"wp:attachment":[{"href":"https:\/\/nbcuniversalnewsgroup.com\/telemundo\/wp-json\/wp\/v2\/media?parent=1318"}],"wp:term":[{"taxonomy":"category","embeddable":true,"href":"https:\/\/nbcuniversalnewsgroup.com\/telemundo\/wp-json\/wp\/v2\/categories?post=1318"},{"taxonomy":"post_tag","embeddable":true,"href":"https:\/\/nbcuniversalnewsgroup.com\/telemundo\/wp-json\/wp\/v2\/tags?post=1318"}],"curies":[{"name":"wp","href":"https:\/\/api.w.org\/{rel}","templated":true}]}}