{"id":1273,"date":"2025-05-29T17:59:14","date_gmt":"2025-05-29T17:59:14","guid":{"rendered":"https:\/\/nbcuniversalnewsgroup.com\/telemundo\/?p=1273"},"modified":"2025-05-29T17:59:17","modified_gmt":"2025-05-29T17:59:17","slug":"noticias-telemundo-presentara-el-documental-estado-de-silencio-de-los-productores-ejecutivos-diego-luna-y-gael-garcia-bernal","status":"publish","type":"post","link":"https:\/\/nbcuniversalnewsgroup.com\/telemundo\/es\/2025\/05\/29\/noticias-telemundo-presentara-el-documental-estado-de-silencio-de-los-productores-ejecutivos-diego-luna-y-gael-garcia-bernal\/","title":{"rendered":"Noticias Telemundo Presentar\u00e1 El Documental \u201cEstado De Silencio\u201d, De Los Productores Ejecutivos Diego Luna Y Gael Garc\u00eda Bernal"},"content":{"rendered":"\n<figure class=\"wp-block-image size-full\"><img data-recalc-dims=\"1\" loading=\"lazy\" decoding=\"async\" width=\"195\" height=\"195\" src=\"https:\/\/i0.wp.com\/nbcuniversalnewsgroup.com\/telemundo\/wp-content\/uploads\/sites\/7\/2025\/05\/image-9.png?resize=195%2C195&#038;ssl=1\" alt=\"\" class=\"wp-image-1274\" srcset=\"https:\/\/i0.wp.com\/nbcuniversalnewsgroup.com\/telemundo\/wp-content\/uploads\/sites\/7\/2025\/05\/image-9.png?w=195&amp;ssl=1 195w, https:\/\/i0.wp.com\/nbcuniversalnewsgroup.com\/telemundo\/wp-content\/uploads\/sites\/7\/2025\/05\/image-9.png?resize=150%2C150&amp;ssl=1 150w, https:\/\/i0.wp.com\/nbcuniversalnewsgroup.com\/telemundo\/wp-content\/uploads\/sites\/7\/2025\/05\/image-9.png?resize=24%2C24&amp;ssl=1 24w, https:\/\/i0.wp.com\/nbcuniversalnewsgroup.com\/telemundo\/wp-content\/uploads\/sites\/7\/2025\/05\/image-9.png?resize=36%2C36&amp;ssl=1 36w, https:\/\/i0.wp.com\/nbcuniversalnewsgroup.com\/telemundo\/wp-content\/uploads\/sites\/7\/2025\/05\/image-9.png?resize=48%2C48&amp;ssl=1 48w\" sizes=\"auto, (max-width: 195px) 100vw, 195px\" \/><\/figure>\n\n\n\n<p><strong>NOTICIAS TELEMUNDO PRESENTAR\u00c1 EL DOCUMENTAL \u201cESTADO DE SILENCIO\u201d, DE LOS PRODUCTORES EJECUTIVOS DIEGO LUNA Y GAEL GARC\u00cdA BERNAL<\/strong><\/p>\n\n\n\n<figure class=\"wp-block-image size-large\"><img data-recalc-dims=\"1\" loading=\"lazy\" decoding=\"async\" width=\"640\" height=\"360\" src=\"https:\/\/i0.wp.com\/nbcuniversalnewsgroup.com\/telemundo\/wp-content\/uploads\/sites\/7\/2025\/05\/image-10.png?resize=640%2C360&#038;ssl=1\" alt=\"\" class=\"wp-image-1275\" srcset=\"https:\/\/i0.wp.com\/nbcuniversalnewsgroup.com\/telemundo\/wp-content\/uploads\/sites\/7\/2025\/05\/image-10.png?resize=1024%2C576&amp;ssl=1 1024w, https:\/\/i0.wp.com\/nbcuniversalnewsgroup.com\/telemundo\/wp-content\/uploads\/sites\/7\/2025\/05\/image-10.png?resize=300%2C169&amp;ssl=1 300w, https:\/\/i0.wp.com\/nbcuniversalnewsgroup.com\/telemundo\/wp-content\/uploads\/sites\/7\/2025\/05\/image-10.png?resize=768%2C432&amp;ssl=1 768w, https:\/\/i0.wp.com\/nbcuniversalnewsgroup.com\/telemundo\/wp-content\/uploads\/sites\/7\/2025\/05\/image-10.png?resize=1536%2C864&amp;ssl=1 1536w, https:\/\/i0.wp.com\/nbcuniversalnewsgroup.com\/telemundo\/wp-content\/uploads\/sites\/7\/2025\/05\/image-10.png?resize=24%2C14&amp;ssl=1 24w, https:\/\/i0.wp.com\/nbcuniversalnewsgroup.com\/telemundo\/wp-content\/uploads\/sites\/7\/2025\/05\/image-10.png?resize=36%2C20&amp;ssl=1 36w, https:\/\/i0.wp.com\/nbcuniversalnewsgroup.com\/telemundo\/wp-content\/uploads\/sites\/7\/2025\/05\/image-10.png?resize=48%2C27&amp;ssl=1 48w, https:\/\/i0.wp.com\/nbcuniversalnewsgroup.com\/telemundo\/wp-content\/uploads\/sites\/7\/2025\/05\/image-10.png?w=1920&amp;ssl=1 1920w, https:\/\/i0.wp.com\/nbcuniversalnewsgroup.com\/telemundo\/wp-content\/uploads\/sites\/7\/2025\/05\/image-10.png?w=1280&amp;ssl=1 1280w\" sizes=\"auto, (max-width: 640px) 100vw, 640px\" \/><\/figure>\n\n\n\n<p><a href=\"http:\/\/email.nbcuni.com\/c\/eJxUzzuvmzAYgOFfY7Yg-7PxZfBAS1AjVYeBSh2PPt9OQgggLoH011cZz_y-yxMslxxoFi1TQheCMaGzqw1coRLJMCpjIZjhkGRyHIJKDlCb7GaBQkELMEwVADrXEZWkmhVohJZCEUEH57fhlvvxkfX2uq7TQnhJoCZQ7_ueh3mc3Hi8O4F68T2BOt0I1Izi9OwQ0oRB3M0St3RQAvW5_VNWzak6n9rL7_PHz0tzassfZdV8cvp5-Wh_NX_zx5EIr-f-Hl-EV3faIY6PXV3F17x347aMPXI3SAJyWQmvXt3X5objHwEZesIrms0W-9jhEGbM4-JHh_N3ympdpDIIHaOi6AoU3mvjhU-oTASW4L1wGRCM5k4FmrySRsqIQYpIAZTC7GnhfwAAAP__flhxlg\"><strong>VER PROMO<\/strong><\/a><\/p>\n\n\n\n<p><em><strong>En su estreno para la televisi\u00f3n abierta en Estados Unidos, el galardonado documental se emitir\u00e1 por Telemundo el s\u00e1bado 31 de mayo a las 8:55 pm ET<\/strong><\/em><\/p>\n\n\n\n<p><em><strong>El presentador de Noticias Telemundo, Julio Vaqueiro, conducir\u00e1 segmentos especiales que incluyen una entrevista a fondo con Diego Luna<\/strong><\/em><\/p>\n\n\n\n<p><strong>MIAMI \u2013 29 de mayo de 2025 \u2013<\/strong> Noticias Telemundo presenta <em>\u201cEstado de Silencio\u201d<\/em>, un documental dirigido por Santiago Maza, y con Diego Luna y Gael Garc\u00eda Bernal como productores ejecutivos, el s\u00e1bado 31 de mayo a las 8:55 pm ET, marcando el estreno de la producci\u00f3n en una cadena de televisi\u00f3n abierta estadounidense.<\/p>\n\n\n\n<p>El aclamado documental explora la libertad de prensa en M\u00e9xico, narrando las desgarradoras historias de cuatro periodistas mexicanos y las amenazas existenciales que enfrentan al informar sobre la corrupci\u00f3n y la delincuencia en M\u00e9xico.<\/p>\n\n\n\n<p>La transmisi\u00f3n de <em>\u201cEstado de Silencio\u201d<\/em> por Telemundo contar\u00e1 con segmentos especiales, incluyendo una entrevista con Diego Luna, realizada por el presentador de Noticias Telemundo, Julio Vaqueiro, adem\u00e1s de una mesa redonda dirigida por Vaqueiro con Luna, Jes\u00fas Medina \u2014uno de los periodistas que aparecen en el documental\u2014 y Griselda Triana, defensora de derechos humanos y viuda del periodista mexicano asesinado, Javier Valdez.<\/p>\n\n\n\n<p>El documental se centra en los periodistas Juan de Dios Garc\u00eda, Mar\u00eda de Jes\u00fas Peters, Marcos Vizcarra y Medina, quienes se han convertido en blanco de la represi\u00f3n en retaliaci\u00f3n a sus reportajes. El documental sigue a los reporteros en territorios peligrosos de M\u00e9xico, desde los bosques donde operan los taladores ilegales hasta la frontera militarizada de Tijuana y las tierras bald\u00edas que se cree pertenecen a un jefe del c\u00e1rtel de Sinaloa.<\/p>\n\n\n\n<p>Seg\u00fan la organizaci\u00f3n de derechos humanos ARTICLE 19, 172 periodistas han sido asesinados desde el a\u00f1o 2000 en M\u00e9xico, lo que lo convierte en uno de los pa\u00edses m\u00e1s peligrosos del mundo para ejercer la profesi\u00f3n. M\u00e9xico tambi\u00e9n se encuentra entre los 10 pa\u00edses con mayor n\u00famero de asesinatos de periodistas sin resolver, seg\u00fan el Comit\u00e9 para la Protecci\u00f3n de los Periodistas.<\/p>\n\n\n\n<p><em>\u201cEstado de Silencio\u201d<\/em> se estren\u00f3 el a\u00f1o pasado en el Festival Internacional de Cine de Tribeca (EE.UU.), el Festival de Cine de Sheffield (Reino Unido) y el Festival Internacional de Cine de Guadalajara (M\u00e9xico), entre otros. Gan\u00f3 el premio a Mejor Largometraje en el Festival Internacional de Cine de Santiago (Chile) y al Mejor Documental en el Festival de Cine del Mar Rojo (Arabia Saudita).<\/p>\n\n\n\n<p>El documental fue desarrollado por La Corriente del Golfo, una productora de cine, televisi\u00f3n y podcasts fundada por Diego Luna y Gael Garc\u00eda Bernal.<\/p>\n\n\n\n<p><strong>Acerca de NBCUniversal Telemundo Enterprises:<\/strong><\/p>\n\n\n\n<p>NBCUniversal Telemundo Enterprises lidera la industria de los medios en la producci\u00f3n y distribuci\u00f3n de contenido en espa\u00f1ol para los hispanos de Estados Unidos y audiencias del mundo entero. La compa\u00f1\u00eda sirve a los hispanos de Estados Unidos a trav\u00e9s de su cadena nacional de televisi\u00f3n, la cadena de cable Universo, y plataformas digitales que incluyen la aplicaci\u00f3n Telemundo, una suite de canales FAST, y servicios de streaming, como Peacock, entre otros. La cadena Telemundo ofrece entretenimiento, noticias y deportes en espa\u00f1ol que llegan al 95% de los hogares hispanos de Estados Unidos en 210 mercados, a trav\u00e9s de 30 emisoras propias y 91 estaciones afiliadas. Telemundo tambi\u00e9n es propietaria de una emisora independiente en Puerto Rico. Gracias a Telemundo Studios, la cadena es la productora n\u00famero uno de contenidos de ficci\u00f3n en espa\u00f1ol en Estados Unidos, y la \u00fanica cadena que produce contenido original espec\u00edficamente para audiencias hispanas en Estados Unidos. Ofreciendo m\u00e1s de 600 horas de programas de reality al a\u00f1o, y especiales en vivo de mayor audiencia como los Premios Billboard de la M\u00fasica Latina y Miss Universo, Telemundo es considerada la casa indiscutible de la televisi\u00f3n en vivo de los medios hispanos. La cadena es tambi\u00e9n el hogar exclusivo en espa\u00f1ol de los dos eventos deportivos m\u00e1s populares del mundo, la Copa Mundial de la FIFA y los Juegos Ol\u00edmpicos. NBCUniversal Telemundo Enterprises es una divisi\u00f3n de NBCUniversal, una subsidiaria de Comcast Corporation.&nbsp;<\/p>\n\n\n\n<p><strong>Contactos de Prensa:<\/strong><\/p>\n\n\n\n<p>Kevin Gray<\/p>\n\n\n\n<p><a href=\"mailto:Kevin.Gray@nbcuni.com\">Kevin.Gray@nbcuni.com<\/a><\/p>\n\n\n\n<p>Alejandra Merchant<\/p>\n\n\n\n<p><a href=\"mailto:Alejandra.Merchant@nbcuni.com\">Alejandra.Merchant@nbcuni.com<\/a><\/p>\n\n\n\n<p><\/p>\n","protected":false},"excerpt":{"rendered":"<p>NOTICIAS TELEMUNDO PRESENTAR\u00c1 EL DOCUMENTAL \u201cESTADO DE SILENCIO\u201d, DE LOS PRODUCTORES EJECUTIVOS DIEGO LUNA Y GAEL GARC\u00cdA BERNAL VER PROMO En su estreno para la televisi\u00f3n abierta en Estados Unidos, el galardonado documental se emitir\u00e1 por Telemundo el s\u00e1bado 31 de mayo a las 8:55 pm ET El presentador de Noticias Telemundo, Julio Vaqueiro, conducir\u00e1 [&#8230;]<\/p>\n<p><a class=\"btn btn-secondary understrap-read-more-link\" href=\"https:\/\/nbcuniversalnewsgroup.com\/telemundo\/es\/2025\/05\/29\/noticias-telemundo-presentara-el-documental-estado-de-silencio-de-los-productores-ejecutivos-diego-luna-y-gael-garcia-bernal\/\">Read More&#8230;<span class=\"screen-reader-text\"> from Noticias Telemundo Presentar\u00e1 El Documental \u201cEstado De Silencio\u201d, De Los Productores Ejecutivos Diego Luna Y Gael Garc\u00eda Bernal<\/span><\/a><\/p>\n","protected":false},"author":46,"featured_media":1272,"comment_status":"open","ping_status":"open","sticky":false,"template":"","format":"standard","meta":{"jetpack_post_was_ever_published":false,"footnotes":""},"categories":[2],"tags":[],"class_list":["post-1273","post","type-post","status-publish","format-standard","has-post-thumbnail","hentry","category-noticias-telemundo"],"yoast_head":"<!-- This site is optimized with the Yoast SEO plugin v27.5 - https:\/\/yoast.com\/product\/yoast-seo-wordpress\/ -->\n<title>Noticias Telemundo Presentar\u00e1 El Documental \u201cEstado De Silencio\u201d, De Los Productores Ejecutivos Diego Luna Y Gael Garc\u00eda Bernal - NBCUniversal Telemundo Enterprises Press Releases<\/title>\n<meta name=\"robots\" content=\"index, follow, max-snippet:-1, max-image-preview:large, max-video-preview:-1\" \/>\n<link rel=\"canonical\" href=\"https:\/\/nbcuniversalnewsgroup.com\/telemundo\/es\/2025\/05\/29\/noticias-telemundo-presentara-el-documental-estado-de-silencio-de-los-productores-ejecutivos-diego-luna-y-gael-garcia-bernal\/\" \/>\n<meta property=\"og:locale\" content=\"en_US\" \/>\n<meta property=\"og:type\" content=\"article\" \/>\n<meta property=\"og:title\" content=\"Noticias Telemundo Presentar\u00e1 El Documental \u201cEstado De Silencio\u201d, De Los Productores Ejecutivos Diego Luna Y Gael Garc\u00eda Bernal - NBCUniversal Telemundo Enterprises Press Releases\" \/>\n<meta property=\"og:description\" content=\"NOTICIAS TELEMUNDO PRESENTAR\u00c1 EL DOCUMENTAL \u201cESTADO DE SILENCIO\u201d, DE LOS PRODUCTORES EJECUTIVOS DIEGO LUNA Y GAEL GARC\u00cdA BERNAL VER PROMO En su estreno para la televisi\u00f3n abierta en Estados Unidos, el galardonado documental se emitir\u00e1 por Telemundo el s\u00e1bado 31 de mayo a las 8:55 pm ET El presentador de Noticias Telemundo, Julio Vaqueiro, conducir\u00e1 [...]Read More... from Noticias Telemundo Presentar\u00e1 El Documental \u201cEstado De Silencio\u201d, De Los Productores Ejecutivos Diego Luna Y Gael Garc\u00eda Bernal\" \/>\n<meta property=\"og:url\" content=\"https:\/\/nbcuniversalnewsgroup.com\/telemundo\/es\/2025\/05\/29\/noticias-telemundo-presentara-el-documental-estado-de-silencio-de-los-productores-ejecutivos-diego-luna-y-gael-garcia-bernal\/\" \/>\n<meta property=\"og:site_name\" content=\"NBCUniversal Telemundo Enterprises Press Releases\" \/>\n<meta property=\"article:publisher\" content=\"https:\/\/www.facebook.com\/NBCUTelemundo\/\" \/>\n<meta property=\"article:published_time\" content=\"2025-05-29T17:59:14+00:00\" \/>\n<meta property=\"article:modified_time\" content=\"2025-05-29T17:59:17+00:00\" \/>\n<meta property=\"og:image\" content=\"https:\/\/nbcuniversalnewsgroup.com\/telemundo\/wp-content\/uploads\/sites\/7\/2025\/05\/image-8-1024x576.png\" \/>\n\t<meta property=\"og:image:width\" content=\"1024\" \/>\n\t<meta property=\"og:image:height\" content=\"576\" \/>\n\t<meta property=\"og:image:type\" content=\"image\/png\" \/>\n<meta name=\"author\" content=\"alejandramerchant\" \/>\n<meta name=\"twitter:card\" content=\"summary_large_image\" \/>\n<meta name=\"twitter:creator\" content=\"@NBCUTelemundo\" \/>\n<meta name=\"twitter:site\" content=\"@NBCUTelemundo\" \/>\n<meta name=\"twitter:label1\" content=\"Written by\" \/>\n\t<meta name=\"twitter:data1\" content=\"alejandramerchant\" \/>\n\t<meta name=\"twitter:label2\" content=\"Est. reading time\" \/>\n\t<meta name=\"twitter:data2\" content=\"4 minutes\" \/>\n<script type=\"application\/ld+json\" class=\"yoast-schema-graph\">{\"@context\":\"https:\\\/\\\/schema.org\",\"@graph\":[{\"@type\":\"Article\",\"@id\":\"https:\\\/\\\/nbcuniversalnewsgroup.com\\\/telemundo\\\/es\\\/2025\\\/05\\\/29\\\/noticias-telemundo-presentara-el-documental-estado-de-silencio-de-los-productores-ejecutivos-diego-luna-y-gael-garcia-bernal\\\/#article\",\"isPartOf\":{\"@id\":\"https:\\\/\\\/nbcuniversalnewsgroup.com\\\/telemundo\\\/es\\\/2025\\\/05\\\/29\\\/noticias-telemundo-presentara-el-documental-estado-de-silencio-de-los-productores-ejecutivos-diego-luna-y-gael-garcia-bernal\\\/\"},\"author\":{\"name\":\"alejandramerchant\",\"@id\":\"https:\\\/\\\/nbcuniversalnewsgroup.com\\\/telemundo\\\/#\\\/schema\\\/person\\\/75a7e39c41a3eefee45dfb59a1124fb7\"},\"headline\":\"Noticias Telemundo Presentar\u00e1 El Documental \u201cEstado De Silencio\u201d, De Los Productores Ejecutivos Diego Luna Y Gael Garc\u00eda Bernal\",\"datePublished\":\"2025-05-29T17:59:14+00:00\",\"dateModified\":\"2025-05-29T17:59:17+00:00\",\"mainEntityOfPage\":{\"@id\":\"https:\\\/\\\/nbcuniversalnewsgroup.com\\\/telemundo\\\/es\\\/2025\\\/05\\\/29\\\/noticias-telemundo-presentara-el-documental-estado-de-silencio-de-los-productores-ejecutivos-diego-luna-y-gael-garcia-bernal\\\/\"},\"wordCount\":763,\"commentCount\":0,\"publisher\":{\"@id\":\"https:\\\/\\\/nbcuniversalnewsgroup.com\\\/telemundo\\\/#organization\"},\"image\":{\"@id\":\"https:\\\/\\\/nbcuniversalnewsgroup.com\\\/telemundo\\\/es\\\/2025\\\/05\\\/29\\\/noticias-telemundo-presentara-el-documental-estado-de-silencio-de-los-productores-ejecutivos-diego-luna-y-gael-garcia-bernal\\\/#primaryimage\"},\"thumbnailUrl\":\"https:\\\/\\\/i0.wp.com\\\/nbcuniversalnewsgroup.com\\\/telemundo\\\/wp-content\\\/uploads\\\/sites\\\/7\\\/2025\\\/05\\\/image-8.png?fit=1920%2C1080&ssl=1\",\"articleSection\":[\"Noticias Telemundo\"],\"inLanguage\":\"en-US\"},{\"@type\":\"WebPage\",\"@id\":\"https:\\\/\\\/nbcuniversalnewsgroup.com\\\/telemundo\\\/es\\\/2025\\\/05\\\/29\\\/noticias-telemundo-presentara-el-documental-estado-de-silencio-de-los-productores-ejecutivos-diego-luna-y-gael-garcia-bernal\\\/\",\"url\":\"https:\\\/\\\/nbcuniversalnewsgroup.com\\\/telemundo\\\/es\\\/2025\\\/05\\\/29\\\/noticias-telemundo-presentara-el-documental-estado-de-silencio-de-los-productores-ejecutivos-diego-luna-y-gael-garcia-bernal\\\/\",\"name\":\"Noticias Telemundo Presentar\u00e1 El Documental \u201cEstado De Silencio\u201d, De Los Productores Ejecutivos Diego Luna Y Gael Garc\u00eda Bernal - NBCUniversal Telemundo Enterprises Press Releases\",\"isPartOf\":{\"@id\":\"https:\\\/\\\/nbcuniversalnewsgroup.com\\\/telemundo\\\/#website\"},\"primaryImageOfPage\":{\"@id\":\"https:\\\/\\\/nbcuniversalnewsgroup.com\\\/telemundo\\\/es\\\/2025\\\/05\\\/29\\\/noticias-telemundo-presentara-el-documental-estado-de-silencio-de-los-productores-ejecutivos-diego-luna-y-gael-garcia-bernal\\\/#primaryimage\"},\"image\":{\"@id\":\"https:\\\/\\\/nbcuniversalnewsgroup.com\\\/telemundo\\\/es\\\/2025\\\/05\\\/29\\\/noticias-telemundo-presentara-el-documental-estado-de-silencio-de-los-productores-ejecutivos-diego-luna-y-gael-garcia-bernal\\\/#primaryimage\"},\"thumbnailUrl\":\"https:\\\/\\\/i0.wp.com\\\/nbcuniversalnewsgroup.com\\\/telemundo\\\/wp-content\\\/uploads\\\/sites\\\/7\\\/2025\\\/05\\\/image-8.png?fit=1920%2C1080&ssl=1\",\"datePublished\":\"2025-05-29T17:59:14+00:00\",\"dateModified\":\"2025-05-29T17:59:17+00:00\",\"breadcrumb\":{\"@id\":\"https:\\\/\\\/nbcuniversalnewsgroup.com\\\/telemundo\\\/es\\\/2025\\\/05\\\/29\\\/noticias-telemundo-presentara-el-documental-estado-de-silencio-de-los-productores-ejecutivos-diego-luna-y-gael-garcia-bernal\\\/#breadcrumb\"},\"inLanguage\":\"en-US\",\"potentialAction\":[{\"@type\":\"ReadAction\",\"target\":[\"https:\\\/\\\/nbcuniversalnewsgroup.com\\\/telemundo\\\/es\\\/2025\\\/05\\\/29\\\/noticias-telemundo-presentara-el-documental-estado-de-silencio-de-los-productores-ejecutivos-diego-luna-y-gael-garcia-bernal\\\/\"]}]},{\"@type\":\"ImageObject\",\"inLanguage\":\"en-US\",\"@id\":\"https:\\\/\\\/nbcuniversalnewsgroup.com\\\/telemundo\\\/es\\\/2025\\\/05\\\/29\\\/noticias-telemundo-presentara-el-documental-estado-de-silencio-de-los-productores-ejecutivos-diego-luna-y-gael-garcia-bernal\\\/#primaryimage\",\"url\":\"https:\\\/\\\/i0.wp.com\\\/nbcuniversalnewsgroup.com\\\/telemundo\\\/wp-content\\\/uploads\\\/sites\\\/7\\\/2025\\\/05\\\/image-8.png?fit=1920%2C1080&ssl=1\",\"contentUrl\":\"https:\\\/\\\/i0.wp.com\\\/nbcuniversalnewsgroup.com\\\/telemundo\\\/wp-content\\\/uploads\\\/sites\\\/7\\\/2025\\\/05\\\/image-8.png?fit=1920%2C1080&ssl=1\",\"width\":1920,\"height\":1080},{\"@type\":\"BreadcrumbList\",\"@id\":\"https:\\\/\\\/nbcuniversalnewsgroup.com\\\/telemundo\\\/es\\\/2025\\\/05\\\/29\\\/noticias-telemundo-presentara-el-documental-estado-de-silencio-de-los-productores-ejecutivos-diego-luna-y-gael-garcia-bernal\\\/#breadcrumb\",\"itemListElement\":[{\"@type\":\"ListItem\",\"position\":1,\"name\":\"Home\",\"item\":\"https:\\\/\\\/nbcuniversalnewsgroup.com\\\/telemundo\\\/\"},{\"@type\":\"ListItem\",\"position\":2,\"name\":\"Noticias Telemundo Presentar\u00e1 El Documental \u201cEstado De Silencio\u201d, De Los Productores Ejecutivos Diego Luna Y Gael Garc\u00eda Bernal\"}]},{\"@type\":\"WebSite\",\"@id\":\"https:\\\/\\\/nbcuniversalnewsgroup.com\\\/telemundo\\\/#website\",\"url\":\"https:\\\/\\\/nbcuniversalnewsgroup.com\\\/telemundo\\\/\",\"name\":\"NBCUniversal Telemundo Enterprises Press Releases\",\"description\":\"NBCUniversal Telemundo Enterprises leads the media industry in the production and distribution of Spanish-language entertainment, news and sports content for U.S. Hispanics and audiences around the world.\",\"publisher\":{\"@id\":\"https:\\\/\\\/nbcuniversalnewsgroup.com\\\/telemundo\\\/#organization\"},\"potentialAction\":[{\"@type\":\"SearchAction\",\"target\":{\"@type\":\"EntryPoint\",\"urlTemplate\":\"https:\\\/\\\/nbcuniversalnewsgroup.com\\\/telemundo\\\/?s={search_term_string}\"},\"query-input\":{\"@type\":\"PropertyValueSpecification\",\"valueRequired\":true,\"valueName\":\"search_term_string\"}}],\"inLanguage\":\"en-US\"},{\"@type\":\"Organization\",\"@id\":\"https:\\\/\\\/nbcuniversalnewsgroup.com\\\/telemundo\\\/#organization\",\"name\":\"NBCUniversal Telemundo Enterprises Press Releases\",\"url\":\"https:\\\/\\\/nbcuniversalnewsgroup.com\\\/telemundo\\\/\",\"logo\":{\"@type\":\"ImageObject\",\"inLanguage\":\"en-US\",\"@id\":\"https:\\\/\\\/nbcuniversalnewsgroup.com\\\/telemundo\\\/#\\\/schema\\\/logo\\\/image\\\/\",\"url\":\"\",\"contentUrl\":\"\",\"caption\":\"NBCUniversal Telemundo Enterprises Press Releases\"},\"image\":{\"@id\":\"https:\\\/\\\/nbcuniversalnewsgroup.com\\\/telemundo\\\/#\\\/schema\\\/logo\\\/image\\\/\"},\"sameAs\":[\"https:\\\/\\\/www.facebook.com\\\/NBCUTelemundo\\\/\",\"https:\\\/\\\/x.com\\\/NBCUTelemundo\",\"https:\\\/\\\/www.instagram.com\\\/nbcutelemundo\\\/\",\"https:\\\/\\\/www.linkedin.com\\\/company\\\/nbcuniversaltelemundoenterprises\",\"https:\\\/\\\/www.threads.net\\\/@nbcutelemundo\"]},{\"@type\":\"Person\",\"@id\":\"https:\\\/\\\/nbcuniversalnewsgroup.com\\\/telemundo\\\/#\\\/schema\\\/person\\\/75a7e39c41a3eefee45dfb59a1124fb7\",\"name\":\"alejandramerchant\",\"image\":{\"@type\":\"ImageObject\",\"inLanguage\":\"en-US\",\"@id\":\"https:\\\/\\\/secure.gravatar.com\\\/avatar\\\/252269ea9319be2bacd5268e9400a092195f2a150f9a7928d4f4b39e4861c096?s=96&d=mm&r=g\",\"url\":\"https:\\\/\\\/secure.gravatar.com\\\/avatar\\\/252269ea9319be2bacd5268e9400a092195f2a150f9a7928d4f4b39e4861c096?s=96&d=mm&r=g\",\"contentUrl\":\"https:\\\/\\\/secure.gravatar.com\\\/avatar\\\/252269ea9319be2bacd5268e9400a092195f2a150f9a7928d4f4b39e4861c096?s=96&d=mm&r=g\",\"caption\":\"alejandramerchant\"},\"url\":\"https:\\\/\\\/nbcuniversalnewsgroup.com\\\/telemundo\\\/author\\\/alejandramerchant\\\/\"}]}<\/script>\n<!-- \/ Yoast SEO plugin. -->","yoast_head_json":{"title":"Noticias Telemundo Presentar\u00e1 El Documental \u201cEstado De Silencio\u201d, De Los Productores Ejecutivos Diego Luna Y Gael Garc\u00eda Bernal - NBCUniversal Telemundo Enterprises Press Releases","robots":{"index":"index","follow":"follow","max-snippet":"max-snippet:-1","max-image-preview":"max-image-preview:large","max-video-preview":"max-video-preview:-1"},"canonical":"https:\/\/nbcuniversalnewsgroup.com\/telemundo\/es\/2025\/05\/29\/noticias-telemundo-presentara-el-documental-estado-de-silencio-de-los-productores-ejecutivos-diego-luna-y-gael-garcia-bernal\/","og_locale":"en_US","og_type":"article","og_title":"Noticias Telemundo Presentar\u00e1 El Documental \u201cEstado De Silencio\u201d, De Los Productores Ejecutivos Diego Luna Y Gael Garc\u00eda Bernal - NBCUniversal Telemundo Enterprises Press Releases","og_description":"NOTICIAS TELEMUNDO PRESENTAR\u00c1 EL DOCUMENTAL \u201cESTADO DE SILENCIO\u201d, DE LOS PRODUCTORES EJECUTIVOS DIEGO LUNA Y GAEL GARC\u00cdA BERNAL VER PROMO En su estreno para la televisi\u00f3n abierta en Estados Unidos, el galardonado documental se emitir\u00e1 por Telemundo el s\u00e1bado 31 de mayo a las 8:55 pm ET El presentador de Noticias Telemundo, Julio Vaqueiro, conducir\u00e1 [...]Read More... from Noticias Telemundo Presentar\u00e1 El Documental \u201cEstado De Silencio\u201d, De Los Productores Ejecutivos Diego Luna Y Gael Garc\u00eda Bernal","og_url":"https:\/\/nbcuniversalnewsgroup.com\/telemundo\/es\/2025\/05\/29\/noticias-telemundo-presentara-el-documental-estado-de-silencio-de-los-productores-ejecutivos-diego-luna-y-gael-garcia-bernal\/","og_site_name":"NBCUniversal Telemundo Enterprises Press Releases","article_publisher":"https:\/\/www.facebook.com\/NBCUTelemundo\/","article_published_time":"2025-05-29T17:59:14+00:00","article_modified_time":"2025-05-29T17:59:17+00:00","og_image":[{"width":1024,"height":576,"url":"https:\/\/nbcuniversalnewsgroup.com\/telemundo\/wp-content\/uploads\/sites\/7\/2025\/05\/image-8-1024x576.png","type":"image\/png"}],"author":"alejandramerchant","twitter_card":"summary_large_image","twitter_creator":"@NBCUTelemundo","twitter_site":"@NBCUTelemundo","twitter_misc":{"Written by":"alejandramerchant","Est. reading time":"4 minutes"},"schema":{"@context":"https:\/\/schema.org","@graph":[{"@type":"Article","@id":"https:\/\/nbcuniversalnewsgroup.com\/telemundo\/es\/2025\/05\/29\/noticias-telemundo-presentara-el-documental-estado-de-silencio-de-los-productores-ejecutivos-diego-luna-y-gael-garcia-bernal\/#article","isPartOf":{"@id":"https:\/\/nbcuniversalnewsgroup.com\/telemundo\/es\/2025\/05\/29\/noticias-telemundo-presentara-el-documental-estado-de-silencio-de-los-productores-ejecutivos-diego-luna-y-gael-garcia-bernal\/"},"author":{"name":"alejandramerchant","@id":"https:\/\/nbcuniversalnewsgroup.com\/telemundo\/#\/schema\/person\/75a7e39c41a3eefee45dfb59a1124fb7"},"headline":"Noticias Telemundo Presentar\u00e1 El Documental \u201cEstado De Silencio\u201d, De Los Productores Ejecutivos Diego Luna Y Gael Garc\u00eda Bernal","datePublished":"2025-05-29T17:59:14+00:00","dateModified":"2025-05-29T17:59:17+00:00","mainEntityOfPage":{"@id":"https:\/\/nbcuniversalnewsgroup.com\/telemundo\/es\/2025\/05\/29\/noticias-telemundo-presentara-el-documental-estado-de-silencio-de-los-productores-ejecutivos-diego-luna-y-gael-garcia-bernal\/"},"wordCount":763,"commentCount":0,"publisher":{"@id":"https:\/\/nbcuniversalnewsgroup.com\/telemundo\/#organization"},"image":{"@id":"https:\/\/nbcuniversalnewsgroup.com\/telemundo\/es\/2025\/05\/29\/noticias-telemundo-presentara-el-documental-estado-de-silencio-de-los-productores-ejecutivos-diego-luna-y-gael-garcia-bernal\/#primaryimage"},"thumbnailUrl":"https:\/\/i0.wp.com\/nbcuniversalnewsgroup.com\/telemundo\/wp-content\/uploads\/sites\/7\/2025\/05\/image-8.png?fit=1920%2C1080&ssl=1","articleSection":["Noticias Telemundo"],"inLanguage":"en-US"},{"@type":"WebPage","@id":"https:\/\/nbcuniversalnewsgroup.com\/telemundo\/es\/2025\/05\/29\/noticias-telemundo-presentara-el-documental-estado-de-silencio-de-los-productores-ejecutivos-diego-luna-y-gael-garcia-bernal\/","url":"https:\/\/nbcuniversalnewsgroup.com\/telemundo\/es\/2025\/05\/29\/noticias-telemundo-presentara-el-documental-estado-de-silencio-de-los-productores-ejecutivos-diego-luna-y-gael-garcia-bernal\/","name":"Noticias Telemundo Presentar\u00e1 El Documental \u201cEstado De Silencio\u201d, De Los Productores Ejecutivos Diego Luna Y Gael Garc\u00eda Bernal - NBCUniversal Telemundo Enterprises Press Releases","isPartOf":{"@id":"https:\/\/nbcuniversalnewsgroup.com\/telemundo\/#website"},"primaryImageOfPage":{"@id":"https:\/\/nbcuniversalnewsgroup.com\/telemundo\/es\/2025\/05\/29\/noticias-telemundo-presentara-el-documental-estado-de-silencio-de-los-productores-ejecutivos-diego-luna-y-gael-garcia-bernal\/#primaryimage"},"image":{"@id":"https:\/\/nbcuniversalnewsgroup.com\/telemundo\/es\/2025\/05\/29\/noticias-telemundo-presentara-el-documental-estado-de-silencio-de-los-productores-ejecutivos-diego-luna-y-gael-garcia-bernal\/#primaryimage"},"thumbnailUrl":"https:\/\/i0.wp.com\/nbcuniversalnewsgroup.com\/telemundo\/wp-content\/uploads\/sites\/7\/2025\/05\/image-8.png?fit=1920%2C1080&ssl=1","datePublished":"2025-05-29T17:59:14+00:00","dateModified":"2025-05-29T17:59:17+00:00","breadcrumb":{"@id":"https:\/\/nbcuniversalnewsgroup.com\/telemundo\/es\/2025\/05\/29\/noticias-telemundo-presentara-el-documental-estado-de-silencio-de-los-productores-ejecutivos-diego-luna-y-gael-garcia-bernal\/#breadcrumb"},"inLanguage":"en-US","potentialAction":[{"@type":"ReadAction","target":["https:\/\/nbcuniversalnewsgroup.com\/telemundo\/es\/2025\/05\/29\/noticias-telemundo-presentara-el-documental-estado-de-silencio-de-los-productores-ejecutivos-diego-luna-y-gael-garcia-bernal\/"]}]},{"@type":"ImageObject","inLanguage":"en-US","@id":"https:\/\/nbcuniversalnewsgroup.com\/telemundo\/es\/2025\/05\/29\/noticias-telemundo-presentara-el-documental-estado-de-silencio-de-los-productores-ejecutivos-diego-luna-y-gael-garcia-bernal\/#primaryimage","url":"https:\/\/i0.wp.com\/nbcuniversalnewsgroup.com\/telemundo\/wp-content\/uploads\/sites\/7\/2025\/05\/image-8.png?fit=1920%2C1080&ssl=1","contentUrl":"https:\/\/i0.wp.com\/nbcuniversalnewsgroup.com\/telemundo\/wp-content\/uploads\/sites\/7\/2025\/05\/image-8.png?fit=1920%2C1080&ssl=1","width":1920,"height":1080},{"@type":"BreadcrumbList","@id":"https:\/\/nbcuniversalnewsgroup.com\/telemundo\/es\/2025\/05\/29\/noticias-telemundo-presentara-el-documental-estado-de-silencio-de-los-productores-ejecutivos-diego-luna-y-gael-garcia-bernal\/#breadcrumb","itemListElement":[{"@type":"ListItem","position":1,"name":"Home","item":"https:\/\/nbcuniversalnewsgroup.com\/telemundo\/"},{"@type":"ListItem","position":2,"name":"Noticias Telemundo Presentar\u00e1 El Documental \u201cEstado De Silencio\u201d, De Los Productores Ejecutivos Diego Luna Y Gael Garc\u00eda Bernal"}]},{"@type":"WebSite","@id":"https:\/\/nbcuniversalnewsgroup.com\/telemundo\/#website","url":"https:\/\/nbcuniversalnewsgroup.com\/telemundo\/","name":"NBCUniversal Telemundo Enterprises Press Releases","description":"NBCUniversal Telemundo Enterprises leads the media industry in the production and distribution of Spanish-language entertainment, news and sports content for U.S. Hispanics and audiences around the world.","publisher":{"@id":"https:\/\/nbcuniversalnewsgroup.com\/telemundo\/#organization"},"potentialAction":[{"@type":"SearchAction","target":{"@type":"EntryPoint","urlTemplate":"https:\/\/nbcuniversalnewsgroup.com\/telemundo\/?s={search_term_string}"},"query-input":{"@type":"PropertyValueSpecification","valueRequired":true,"valueName":"search_term_string"}}],"inLanguage":"en-US"},{"@type":"Organization","@id":"https:\/\/nbcuniversalnewsgroup.com\/telemundo\/#organization","name":"NBCUniversal Telemundo Enterprises Press Releases","url":"https:\/\/nbcuniversalnewsgroup.com\/telemundo\/","logo":{"@type":"ImageObject","inLanguage":"en-US","@id":"https:\/\/nbcuniversalnewsgroup.com\/telemundo\/#\/schema\/logo\/image\/","url":"","contentUrl":"","caption":"NBCUniversal Telemundo Enterprises Press Releases"},"image":{"@id":"https:\/\/nbcuniversalnewsgroup.com\/telemundo\/#\/schema\/logo\/image\/"},"sameAs":["https:\/\/www.facebook.com\/NBCUTelemundo\/","https:\/\/x.com\/NBCUTelemundo","https:\/\/www.instagram.com\/nbcutelemundo\/","https:\/\/www.linkedin.com\/company\/nbcuniversaltelemundoenterprises","https:\/\/www.threads.net\/@nbcutelemundo"]},{"@type":"Person","@id":"https:\/\/nbcuniversalnewsgroup.com\/telemundo\/#\/schema\/person\/75a7e39c41a3eefee45dfb59a1124fb7","name":"alejandramerchant","image":{"@type":"ImageObject","inLanguage":"en-US","@id":"https:\/\/secure.gravatar.com\/avatar\/252269ea9319be2bacd5268e9400a092195f2a150f9a7928d4f4b39e4861c096?s=96&d=mm&r=g","url":"https:\/\/secure.gravatar.com\/avatar\/252269ea9319be2bacd5268e9400a092195f2a150f9a7928d4f4b39e4861c096?s=96&d=mm&r=g","contentUrl":"https:\/\/secure.gravatar.com\/avatar\/252269ea9319be2bacd5268e9400a092195f2a150f9a7928d4f4b39e4861c096?s=96&d=mm&r=g","caption":"alejandramerchant"},"url":"https:\/\/nbcuniversalnewsgroup.com\/telemundo\/author\/alejandramerchant\/"}]}},"jetpack_featured_media_url":"https:\/\/i0.wp.com\/nbcuniversalnewsgroup.com\/telemundo\/wp-content\/uploads\/sites\/7\/2025\/05\/image-8.png?fit=1920%2C1080&ssl=1","_links":{"self":[{"href":"https:\/\/nbcuniversalnewsgroup.com\/telemundo\/wp-json\/wp\/v2\/posts\/1273","targetHints":{"allow":["GET"]}}],"collection":[{"href":"https:\/\/nbcuniversalnewsgroup.com\/telemundo\/wp-json\/wp\/v2\/posts"}],"about":[{"href":"https:\/\/nbcuniversalnewsgroup.com\/telemundo\/wp-json\/wp\/v2\/types\/post"}],"author":[{"embeddable":true,"href":"https:\/\/nbcuniversalnewsgroup.com\/telemundo\/wp-json\/wp\/v2\/users\/46"}],"replies":[{"embeddable":true,"href":"https:\/\/nbcuniversalnewsgroup.com\/telemundo\/wp-json\/wp\/v2\/comments?post=1273"}],"version-history":[{"count":0,"href":"https:\/\/nbcuniversalnewsgroup.com\/telemundo\/wp-json\/wp\/v2\/posts\/1273\/revisions"}],"wp:featuredmedia":[{"embeddable":true,"href":"https:\/\/nbcuniversalnewsgroup.com\/telemundo\/wp-json\/wp\/v2\/media\/1272"}],"wp:attachment":[{"href":"https:\/\/nbcuniversalnewsgroup.com\/telemundo\/wp-json\/wp\/v2\/media?parent=1273"}],"wp:term":[{"taxonomy":"category","embeddable":true,"href":"https:\/\/nbcuniversalnewsgroup.com\/telemundo\/wp-json\/wp\/v2\/categories?post=1273"},{"taxonomy":"post_tag","embeddable":true,"href":"https:\/\/nbcuniversalnewsgroup.com\/telemundo\/wp-json\/wp\/v2\/tags?post=1273"}],"curies":[{"name":"wp","href":"https:\/\/api.w.org\/{rel}","templated":true}]}}