{"id":1114,"date":"2025-04-01T15:52:29","date_gmt":"2025-04-01T15:52:29","guid":{"rendered":"https:\/\/nbcuniversalnewsgroup.com\/telemundo\/?p=1114"},"modified":"2025-04-01T15:52:32","modified_gmt":"2025-04-01T15:52:32","slug":"nbcuniversal-telemundo-enterprises-asciende-a-javier-pons-al-cargo-de-chief-content-officer-head-of-telemundo-studios","status":"publish","type":"post","link":"https:\/\/nbcuniversalnewsgroup.com\/telemundo\/es\/2025\/04\/01\/nbcuniversal-telemundo-enterprises-asciende-a-javier-pons-al-cargo-de-chief-content-officer-head-of-telemundo-studios\/","title":{"rendered":"NBCUniversal Telemundo Enterprises Asciende a Javier Pons Al Cargo De Chief Content Officer &amp; Head of Telemundo Studios"},"content":{"rendered":"\n<p class=\"wp-block-paragraph\"><em><strong>Pons asumir\u00e1 las responsabilidades de la Divisi\u00f3n de Entretenimiento de la cadena, adem\u00e1s de continuar supervisando Telemundo Studios.<\/strong><\/em><\/p>\n\n\n\n<p class=\"wp-block-paragraph\"><a href=\"http:\/\/email.nbcuni.com\/c\/eJxUzjlu6zAUQNHVUKVAvsexYGFA4McHUqRJjKTjaCvRYE2W4tUHLlPfW5xkUSLQKlumOApgQonqajWXIWRjeJAKfaGeMu1RQuAosha8ai1QEJRTxgSCEDUHqWLmNHCdGRpFOB1C3Ia2jmNfdfa6rreF4ImAI-D2fa_TPN7CeDw7AbfEjoArIwE39cC-ytT37Mpg7mmG5HcC7vQa39O_4-O83ae3l_P02Wy7vnCCbu6-8w_BJuyH3oaijtz5e0HTHo8lMPRAQC4rwWZJY7lE2ROQqSPY0Gq2bvZDbJf6_2Pa2jyn8S99tcFoyXxJNEavwGPJ1GjNTOKS85LEc0GZPBiNQSVaopJGyuyT5JkCKOWr1a55Wau7hd8AAAD__0Ebb5M\"><strong>Descargar foto aqu\u00ed<\/strong><\/a><\/p>\n\n\n\n<p class=\"wp-block-paragraph\"><strong>MIAMI \u2013 1 de abril de 2025<\/strong> &#8211; NBCUniversal Telemundo Enterprises anunci\u00f3 hoy el ascenso de Javier Pons al cargo de Chief Content Officer &amp; Head of Telemundo Studios, reportando directamente a Luis Fern\u00e1ndez, presidente de NBCUniversal Telemundo Enterprises.<\/p>\n\n\n\n<p class=\"wp-block-paragraph\">En su nuevo cargo, Pons, quien se uni\u00f3 a Telemundo como Vicepresidente Ejecutivo de Telemundo Studios el a\u00f1o pasado, ampliar\u00e1 sus responsabilidades para incluir la supervisi\u00f3n de la divisi\u00f3n de entretenimiento de la cadena. Adem\u00e1s de liderar el desarrollo y la producci\u00f3n de contenido de ficci\u00f3n en Telemundo Studios, Pons ahora liderar\u00e1 la divisi\u00f3n de entretenimiento de la compa\u00f1\u00eda, con un enfoque en el desarrollo y la producci\u00f3n de contenido de reality, programas diarios y especiales en vivo de la cadena.<\/p>\n\n\n\n<p class=\"wp-block-paragraph\">\u201cDesde su llegada a Telemundo, Javier ha generado excelentes resultados y consolidado la posici\u00f3n de Telemundo Studios de cara al futuro. Me entusiasma verlo aplicar su amplia experiencia en producci\u00f3n y gesti\u00f3n de medios a su nuevo puesto como Chief Content Officer\u201d, afirm\u00f3 Fern\u00e1ndez. &#8220;Javier es un ejecutivo de medios de comunicaci\u00f3n con amplia experiencia, y conf\u00edo en que seguir\u00e1 sobresaliendo en este nuevo rol de liderazgo, aportando su experiencia y creatividad a nuestra divisi\u00f3n de entretenimiento, al mismo tiempo que contin\u00faa supervisando nuestros estudios&#8221;.<\/p>\n\n\n\n<p class=\"wp-block-paragraph\">Pons, un veterano ejecutivo de producci\u00f3n, cuenta con m\u00e1s de tres d\u00e9cadas de experiencia en producci\u00f3n y gesti\u00f3n en importantes compa\u00f1\u00edas de medios de Estados Unidos, Espa\u00f1a, Francia, M\u00e9xico, Colombia, Chile y Argentina, entre otros pa\u00edses. Antes de unirse a Telemundo, Pons se desempe\u00f1\u00f3 como Director General de Globomedia, una de las principales productoras de Espa\u00f1a, y Director de Televisi\u00f3n en The Mediapro Studio. En estos puestos, lider\u00f3 la creaci\u00f3n y producci\u00f3n de varias series innovadoras para plataformas m\u00f3viles y de streaming, como \u201cNasdrovia\u201d [Movistar], \u201cMano de Hierro\u201d [Netflix] y \u201cEl Internado: Las Cumbres\u201d [Amazon]. Pons coprodujo pel\u00edculas aclamadas como \u201cCompetencia Oficial\u201d, protagonizada por Antonio Banderas, Pen\u00e9lope Cruz y Oscar Mart\u00ednez, y fue productor delegado de \u201cEl Buen Patr\u00f3n\u201d, de Fernando Le\u00f3n con Javier Bardem.<\/p>\n\n\n\n<p class=\"wp-block-paragraph\">\u201cEs un privilegio poder ampliar mi rol para supervisar la galardonada divisi\u00f3n de entretenimiento de Telemundo. Agradezco la oportunidad de unirme a un equipo de profesionales que han redefinido el entretenimiento hispano\u201d, declar\u00f3 Pons. \u201cEspero con inter\u00e9s trabajar juntos en Estudios y Entretenimiento para continuar desarrollando y produciendo el contenido m\u00e1s innovador, contempor\u00e1neo y atractivo de los medios en espa\u00f1ol\u201d.<\/p>\n\n\n\n<p class=\"wp-block-paragraph\">Pons tambi\u00e9n desempe\u00f1\u00f3 un papel fundamental en la creaci\u00f3n de innovadoras series de televisi\u00f3n como &#8220;Tengo una pregunta para usted&#8221;, ganadora de un premio Ondas en 2020, y populares concursos como &#8220;Ninja Warrior&#8221; y &#8220;El Juego de los Anillos&#8221;. Su dilatada trayectoria incluye puestos de liderazgo en importantes compa\u00f1\u00edas de radio y televisi\u00f3n espa\u00f1olas, como Prisa Radio, Televisi\u00f3n Espa\u00f1ola y Grupo KISS Media. Adem\u00e1s, ha sido asesor y productor en On Demand Consulting y productor ejecutivo en TV Azteca.<\/p>\n\n\n\n<p class=\"wp-block-paragraph\">Pons es miembro del Colegio de Periodistas de Catalu\u00f1a. Se licenci\u00f3 en Ciencias de la Informaci\u00f3n en la Universidad Aut\u00f3noma de Barcelona. Como miembro de The Mediapro Studio, contribuy\u00f3 a la creaci\u00f3n del m\u00e1ster de Guion con la Universidad Complutense de Madrid (UCM) y la National Film and Television School of London (NFTS).<\/p>\n\n\n\n<p class=\"wp-block-paragraph\"><strong>Acerca de NBCUniversal Telemundo Enterprises:<\/strong>\u00a0<br>NBCUniversal Telemundo Enterprises lidera la industria de los medios en la producci\u00f3n y distribuci\u00f3n de contenido en espa\u00f1ol para los hispanos de Estados Unidos y audiencias del mundo entero. La compa\u00f1\u00eda sirve a los hispanos de Estados Unidos a trav\u00e9s de su cadena nacional de televisi\u00f3n, la cadena de cable Universo, y plataformas digitales que incluyen la aplicaci\u00f3n Telemundo, una suite de canales FAST, y servicios de streaming, como Peacock, entre otros. La cadena Telemundo ofrece entretenimiento, noticias y deportes en espa\u00f1ol que llegan al 96% de los hogares hispanos de Estados Unidos en 210 mercados, a trav\u00e9s de 30 emisoras propias y 92 estaciones afiliadas. Telemundo tambi\u00e9n es propietaria de una emisora independiente en Puerto Rico. Gracias a Telemundo Studios, la cadena es la productora n\u00famero uno de contenidos de ficci\u00f3n en espa\u00f1ol en Estados Unidos, y la \u00fanica cadena que produce contenido original espec\u00edficamente para audiencias hispanas en Estados Unidos. Ofreciendo m\u00e1s de 600 horas de programas de reality al a\u00f1o, y especiales en vivo de mayor audiencia como los Premios Billboard de la M\u00fasica Latina y Miss Universo, Telemundo es considerada la casa indiscutible de la televisi\u00f3n en vivo de los medios hispanos. La cadena es tambi\u00e9n el hogar exclusivo en espa\u00f1ol de los dos eventos deportivos m\u00e1s populares del mundo, la Copa Mundial de la FIFA y los Juegos Ol\u00edmpicos. NBCUniversal Telemundo Enterprises es una divisi\u00f3n de NBCUniversal, una subsidiaria de Comcast Corporation.\u00a0<\/p>\n\n\n\n<p class=\"wp-block-paragraph\"><strong><u>Contactos de prensa:<\/u><\/strong><\/p>\n\n\n\n<p class=\"wp-block-paragraph\">Krystyna Hall<br>NBCUniversal Telemundo Enterprises<br><a href=\"http:\/\/email.nbcuni.com\/c\/eJx0y79qxDAMgPGnsccgS4pkDx5uCYU-hfyPC-Ry5eoW8valY4cO3_Txa5mEEHzPQTGpRkXy90y0KjSDEQsDrEqxCnSkUiVVqcPvGQE5_MawIi6csBtwCENZEkTHcJb6de5LfT78ke9zfji6Odwcbg_bj_l0dHt_XZ_zOm15s-P4Qxxu_pX__37mQtIMU6SiDUZVSSLdmnAHRFXzM0PgMlQiFU7cO6YCPVEZysHMsPrvjD8BAAD__1mcSkY\">Krystyna.Hall@nbcuni.com<\/a><\/p>\n\n\n\n<p class=\"wp-block-paragraph\">Suzzette Mart\u00ednez-Malavet<br>NBCUniversal Telemundo Enterprises<br><a href=\"mailto:suzzette.martinezmalavet@nbcuni.com\">suzzette.martinezmalavet@nbcuni.com<\/a><\/p>\n","protected":false},"excerpt":{"rendered":"<p>Pons asumir\u00e1 las responsabilidades de la Divisi\u00f3n de Entretenimiento de la cadena, adem\u00e1s de continuar supervisando Telemundo Studios. Descargar foto aqu\u00ed MIAMI \u2013 1 de abril de 2025 &#8211; NBCUniversal Telemundo Enterprises anunci\u00f3 hoy el ascenso de Javier Pons al cargo de Chief Content Officer &amp; Head of Telemundo Studios, reportando directamente a Luis Fern\u00e1ndez, [&#8230;]<\/p>\n<p><a class=\"btn btn-secondary understrap-read-more-link\" href=\"https:\/\/nbcuniversalnewsgroup.com\/telemundo\/es\/2025\/04\/01\/nbcuniversal-telemundo-enterprises-asciende-a-javier-pons-al-cargo-de-chief-content-officer-head-of-telemundo-studios\/\">Read More&#8230;<span class=\"screen-reader-text\"> from NBCUniversal Telemundo Enterprises Asciende a Javier Pons Al Cargo De Chief Content Officer &amp; Head of Telemundo Studios<\/span><\/a><\/p>\n","protected":false},"author":3,"featured_media":0,"comment_status":"open","ping_status":"open","sticky":false,"template":"","format":"standard","meta":{"footnotes":"","jetpack_post_was_ever_published":false},"categories":[5],"tags":[],"class_list":["post-1114","post","type-post","status-publish","format-standard","hentry","category-telemundo"],"yoast_head":"<!-- This site is optimized with the Yoast SEO plugin v28.4 - https:\/\/yoast.com\/product\/yoast-seo-wordpress\/ -->\n<title>NBCUniversal Telemundo Enterprises Asciende a Javier Pons Al Cargo De Chief Content Officer &amp; Head of Telemundo Studios - NBCUniversal Telemundo Enterprises Press Releases<\/title>\n<meta name=\"robots\" content=\"index, follow, max-snippet:-1, max-image-preview:large, max-video-preview:-1\" \/>\n<link rel=\"canonical\" href=\"https:\/\/nbcuniversalnewsgroup.com\/telemundo\/es\/2025\/04\/01\/nbcuniversal-telemundo-enterprises-asciende-a-javier-pons-al-cargo-de-chief-content-officer-head-of-telemundo-studios\/\" \/>\n<meta property=\"og:locale\" content=\"en_US\" \/>\n<meta property=\"og:type\" content=\"article\" \/>\n<meta property=\"og:title\" content=\"NBCUniversal Telemundo Enterprises Asciende a Javier Pons Al Cargo De Chief Content Officer &amp; Head of Telemundo Studios - NBCUniversal Telemundo Enterprises Press Releases\" \/>\n<meta property=\"og:description\" content=\"Pons asumir\u00e1 las responsabilidades de la Divisi\u00f3n de Entretenimiento de la cadena, adem\u00e1s de continuar supervisando Telemundo Studios. Descargar foto aqu\u00ed MIAMI \u2013 1 de abril de 2025 &#8211; NBCUniversal Telemundo Enterprises anunci\u00f3 hoy el ascenso de Javier Pons al cargo de Chief Content Officer &amp; Head of Telemundo Studios, reportando directamente a Luis Fern\u00e1ndez, [...]Read More... from NBCUniversal Telemundo Enterprises Asciende a Javier Pons Al Cargo De Chief Content Officer &amp; Head of Telemundo Studios\" \/>\n<meta property=\"og:url\" content=\"https:\/\/nbcuniversalnewsgroup.com\/telemundo\/es\/2025\/04\/01\/nbcuniversal-telemundo-enterprises-asciende-a-javier-pons-al-cargo-de-chief-content-officer-head-of-telemundo-studios\/\" \/>\n<meta property=\"og:site_name\" content=\"NBCUniversal Telemundo Enterprises Press Releases\" \/>\n<meta property=\"article:publisher\" content=\"https:\/\/www.facebook.com\/NBCUTelemundo\/\" \/>\n<meta property=\"article:published_time\" content=\"2025-04-01T15:52:29+00:00\" \/>\n<meta property=\"article:modified_time\" content=\"2025-04-01T15:52:32+00:00\" \/>\n<meta name=\"author\" content=\"NBCUniversal News Group\" \/>\n<meta name=\"twitter:card\" content=\"summary_large_image\" \/>\n<meta name=\"twitter:creator\" content=\"@NBCUTelemundo\" \/>\n<meta name=\"twitter:site\" content=\"@NBCUTelemundo\" \/>\n<meta name=\"twitter:label1\" content=\"Written by\" \/>\n\t<meta name=\"twitter:data1\" content=\"NBCUniversal News Group\" \/>\n\t<meta name=\"twitter:label2\" content=\"Est. reading time\" \/>\n\t<meta name=\"twitter:data2\" content=\"4 minutes\" \/>\n<script type=\"application\/ld+json\" class=\"yoast-schema-graph\">{\"@context\":\"https:\\\/\\\/schema.org\",\"@graph\":[{\"@type\":\"Article\",\"@id\":\"https:\\\/\\\/nbcuniversalnewsgroup.com\\\/telemundo\\\/es\\\/2025\\\/04\\\/01\\\/nbcuniversal-telemundo-enterprises-asciende-a-javier-pons-al-cargo-de-chief-content-officer-head-of-telemundo-studios\\\/#article\",\"isPartOf\":{\"@id\":\"https:\\\/\\\/nbcuniversalnewsgroup.com\\\/telemundo\\\/es\\\/2025\\\/04\\\/01\\\/nbcuniversal-telemundo-enterprises-asciende-a-javier-pons-al-cargo-de-chief-content-officer-head-of-telemundo-studios\\\/\"},\"author\":{\"name\":\"NBCUniversal News Group\",\"@id\":\"https:\\\/\\\/nbcuniversalnewsgroup.com\\\/telemundo\\\/#\\\/schema\\\/person\\\/71375f95e907cc09385448ec02f6937f\"},\"headline\":\"NBCUniversal Telemundo Enterprises Asciende a Javier Pons Al Cargo De Chief Content Officer &amp; Head of Telemundo Studios\",\"datePublished\":\"2025-04-01T15:52:29+00:00\",\"dateModified\":\"2025-04-01T15:52:32+00:00\",\"mainEntityOfPage\":{\"@id\":\"https:\\\/\\\/nbcuniversalnewsgroup.com\\\/telemundo\\\/es\\\/2025\\\/04\\\/01\\\/nbcuniversal-telemundo-enterprises-asciende-a-javier-pons-al-cargo-de-chief-content-officer-head-of-telemundo-studios\\\/\"},\"wordCount\":895,\"commentCount\":0,\"publisher\":{\"@id\":\"https:\\\/\\\/nbcuniversalnewsgroup.com\\\/telemundo\\\/#organization\"},\"articleSection\":[\"Telemundo\"],\"inLanguage\":\"en-US\"},{\"@type\":\"WebPage\",\"@id\":\"https:\\\/\\\/nbcuniversalnewsgroup.com\\\/telemundo\\\/es\\\/2025\\\/04\\\/01\\\/nbcuniversal-telemundo-enterprises-asciende-a-javier-pons-al-cargo-de-chief-content-officer-head-of-telemundo-studios\\\/\",\"url\":\"https:\\\/\\\/nbcuniversalnewsgroup.com\\\/telemundo\\\/es\\\/2025\\\/04\\\/01\\\/nbcuniversal-telemundo-enterprises-asciende-a-javier-pons-al-cargo-de-chief-content-officer-head-of-telemundo-studios\\\/\",\"name\":\"NBCUniversal Telemundo Enterprises Asciende a Javier Pons Al Cargo De Chief Content Officer &amp; Head of Telemundo Studios - NBCUniversal Telemundo Enterprises Press Releases\",\"isPartOf\":{\"@id\":\"https:\\\/\\\/nbcuniversalnewsgroup.com\\\/telemundo\\\/#website\"},\"datePublished\":\"2025-04-01T15:52:29+00:00\",\"dateModified\":\"2025-04-01T15:52:32+00:00\",\"breadcrumb\":{\"@id\":\"https:\\\/\\\/nbcuniversalnewsgroup.com\\\/telemundo\\\/es\\\/2025\\\/04\\\/01\\\/nbcuniversal-telemundo-enterprises-asciende-a-javier-pons-al-cargo-de-chief-content-officer-head-of-telemundo-studios\\\/#breadcrumb\"},\"inLanguage\":\"en-US\",\"potentialAction\":[{\"@type\":\"ReadAction\",\"target\":[\"https:\\\/\\\/nbcuniversalnewsgroup.com\\\/telemundo\\\/es\\\/2025\\\/04\\\/01\\\/nbcuniversal-telemundo-enterprises-asciende-a-javier-pons-al-cargo-de-chief-content-officer-head-of-telemundo-studios\\\/\"]}]},{\"@type\":\"BreadcrumbList\",\"@id\":\"https:\\\/\\\/nbcuniversalnewsgroup.com\\\/telemundo\\\/es\\\/2025\\\/04\\\/01\\\/nbcuniversal-telemundo-enterprises-asciende-a-javier-pons-al-cargo-de-chief-content-officer-head-of-telemundo-studios\\\/#breadcrumb\",\"itemListElement\":[{\"@type\":\"ListItem\",\"position\":1,\"name\":\"Home\",\"item\":\"https:\\\/\\\/nbcuniversalnewsgroup.com\\\/telemundo\\\/\"},{\"@type\":\"ListItem\",\"position\":2,\"name\":\"NBCUniversal Telemundo Enterprises Asciende a Javier Pons Al Cargo De Chief Content Officer &amp; Head of Telemundo Studios\"}]},{\"@type\":\"WebSite\",\"@id\":\"https:\\\/\\\/nbcuniversalnewsgroup.com\\\/telemundo\\\/#website\",\"url\":\"https:\\\/\\\/nbcuniversalnewsgroup.com\\\/telemundo\\\/\",\"name\":\"NBCUniversal Telemundo Enterprises Press Releases\",\"description\":\"NBCUniversal Telemundo Enterprises leads the media industry in the production and distribution of Spanish-language entertainment, news and sports content for U.S. Hispanics and audiences around the world.\",\"publisher\":{\"@id\":\"https:\\\/\\\/nbcuniversalnewsgroup.com\\\/telemundo\\\/#organization\"},\"potentialAction\":[{\"@type\":\"SearchAction\",\"target\":{\"@type\":\"EntryPoint\",\"urlTemplate\":\"https:\\\/\\\/nbcuniversalnewsgroup.com\\\/telemundo\\\/?s={search_term_string}\"},\"query-input\":{\"@type\":\"PropertyValueSpecification\",\"valueRequired\":true,\"valueName\":\"search_term_string\"}}],\"inLanguage\":\"en-US\"},{\"@type\":\"Organization\",\"@id\":\"https:\\\/\\\/nbcuniversalnewsgroup.com\\\/telemundo\\\/#organization\",\"name\":\"NBCUniversal Telemundo Enterprises Press Releases\",\"url\":\"https:\\\/\\\/nbcuniversalnewsgroup.com\\\/telemundo\\\/\",\"logo\":{\"@type\":\"ImageObject\",\"inLanguage\":\"en-US\",\"@id\":\"https:\\\/\\\/nbcuniversalnewsgroup.com\\\/telemundo\\\/#\\\/schema\\\/logo\\\/image\\\/\",\"url\":\"\",\"contentUrl\":\"\",\"caption\":\"NBCUniversal Telemundo Enterprises Press Releases\"},\"image\":{\"@id\":\"https:\\\/\\\/nbcuniversalnewsgroup.com\\\/telemundo\\\/#\\\/schema\\\/logo\\\/image\\\/\"},\"sameAs\":[\"https:\\\/\\\/www.facebook.com\\\/NBCUTelemundo\\\/\",\"https:\\\/\\\/x.com\\\/NBCUTelemundo\",\"https:\\\/\\\/www.instagram.com\\\/nbcutelemundo\\\/\",\"https:\\\/\\\/www.linkedin.com\\\/company\\\/nbcuniversaltelemundoenterprises\",\"https:\\\/\\\/www.threads.net\\\/@nbcutelemundo\"]},{\"@type\":\"Person\",\"@id\":\"https:\\\/\\\/nbcuniversalnewsgroup.com\\\/telemundo\\\/#\\\/schema\\\/person\\\/71375f95e907cc09385448ec02f6937f\",\"name\":\"NBCUniversal News Group\",\"image\":{\"@type\":\"ImageObject\",\"inLanguage\":\"en-US\",\"@id\":\"https:\\\/\\\/secure.gravatar.com\\\/avatar\\\/e10e6d3cbbefdce7f5e6bb676ab54cd85e88d8109192053eb487cc96406e49b0?s=96&d=mm&r=g\",\"url\":\"https:\\\/\\\/secure.gravatar.com\\\/avatar\\\/e10e6d3cbbefdce7f5e6bb676ab54cd85e88d8109192053eb487cc96406e49b0?s=96&d=mm&r=g\",\"contentUrl\":\"https:\\\/\\\/secure.gravatar.com\\\/avatar\\\/e10e6d3cbbefdce7f5e6bb676ab54cd85e88d8109192053eb487cc96406e49b0?s=96&d=mm&r=g\",\"caption\":\"NBCUniversal News Group\"},\"url\":\"https:\\\/\\\/nbcuniversalnewsgroup.com\\\/telemundo\\\/author\\\/trasaterra\\\/\"}]}<\/script>\n<!-- \/ Yoast SEO plugin. -->","yoast_head_json":{"title":"NBCUniversal Telemundo Enterprises Asciende a Javier Pons Al Cargo De Chief Content Officer &amp; Head of Telemundo Studios - NBCUniversal Telemundo Enterprises Press Releases","robots":{"index":"index","follow":"follow","max-snippet":"max-snippet:-1","max-image-preview":"max-image-preview:large","max-video-preview":"max-video-preview:-1"},"canonical":"https:\/\/nbcuniversalnewsgroup.com\/telemundo\/es\/2025\/04\/01\/nbcuniversal-telemundo-enterprises-asciende-a-javier-pons-al-cargo-de-chief-content-officer-head-of-telemundo-studios\/","og_locale":"en_US","og_type":"article","og_title":"NBCUniversal Telemundo Enterprises Asciende a Javier Pons Al Cargo De Chief Content Officer &amp; Head of Telemundo Studios - NBCUniversal Telemundo Enterprises Press Releases","og_description":"Pons asumir\u00e1 las responsabilidades de la Divisi\u00f3n de Entretenimiento de la cadena, adem\u00e1s de continuar supervisando Telemundo Studios. Descargar foto aqu\u00ed MIAMI \u2013 1 de abril de 2025 &#8211; NBCUniversal Telemundo Enterprises anunci\u00f3 hoy el ascenso de Javier Pons al cargo de Chief Content Officer &amp; Head of Telemundo Studios, reportando directamente a Luis Fern\u00e1ndez, [...]Read More... from NBCUniversal Telemundo Enterprises Asciende a Javier Pons Al Cargo De Chief Content Officer &amp; Head of Telemundo Studios","og_url":"https:\/\/nbcuniversalnewsgroup.com\/telemundo\/es\/2025\/04\/01\/nbcuniversal-telemundo-enterprises-asciende-a-javier-pons-al-cargo-de-chief-content-officer-head-of-telemundo-studios\/","og_site_name":"NBCUniversal Telemundo Enterprises Press Releases","article_publisher":"https:\/\/www.facebook.com\/NBCUTelemundo\/","article_published_time":"2025-04-01T15:52:29+00:00","article_modified_time":"2025-04-01T15:52:32+00:00","author":"NBCUniversal News Group","twitter_card":"summary_large_image","twitter_creator":"@NBCUTelemundo","twitter_site":"@NBCUTelemundo","twitter_misc":{"Written by":"NBCUniversal News Group","Est. reading time":"4 minutes"},"schema":{"@context":"https:\/\/schema.org","@graph":[{"@type":"Article","@id":"https:\/\/nbcuniversalnewsgroup.com\/telemundo\/es\/2025\/04\/01\/nbcuniversal-telemundo-enterprises-asciende-a-javier-pons-al-cargo-de-chief-content-officer-head-of-telemundo-studios\/#article","isPartOf":{"@id":"https:\/\/nbcuniversalnewsgroup.com\/telemundo\/es\/2025\/04\/01\/nbcuniversal-telemundo-enterprises-asciende-a-javier-pons-al-cargo-de-chief-content-officer-head-of-telemundo-studios\/"},"author":{"name":"NBCUniversal News Group","@id":"https:\/\/nbcuniversalnewsgroup.com\/telemundo\/#\/schema\/person\/71375f95e907cc09385448ec02f6937f"},"headline":"NBCUniversal Telemundo Enterprises Asciende a Javier Pons Al Cargo De Chief Content Officer &amp; Head of Telemundo Studios","datePublished":"2025-04-01T15:52:29+00:00","dateModified":"2025-04-01T15:52:32+00:00","mainEntityOfPage":{"@id":"https:\/\/nbcuniversalnewsgroup.com\/telemundo\/es\/2025\/04\/01\/nbcuniversal-telemundo-enterprises-asciende-a-javier-pons-al-cargo-de-chief-content-officer-head-of-telemundo-studios\/"},"wordCount":895,"commentCount":0,"publisher":{"@id":"https:\/\/nbcuniversalnewsgroup.com\/telemundo\/#organization"},"articleSection":["Telemundo"],"inLanguage":"en-US"},{"@type":"WebPage","@id":"https:\/\/nbcuniversalnewsgroup.com\/telemundo\/es\/2025\/04\/01\/nbcuniversal-telemundo-enterprises-asciende-a-javier-pons-al-cargo-de-chief-content-officer-head-of-telemundo-studios\/","url":"https:\/\/nbcuniversalnewsgroup.com\/telemundo\/es\/2025\/04\/01\/nbcuniversal-telemundo-enterprises-asciende-a-javier-pons-al-cargo-de-chief-content-officer-head-of-telemundo-studios\/","name":"NBCUniversal Telemundo Enterprises Asciende a Javier Pons Al Cargo De Chief Content Officer &amp; Head of Telemundo Studios - NBCUniversal Telemundo Enterprises Press Releases","isPartOf":{"@id":"https:\/\/nbcuniversalnewsgroup.com\/telemundo\/#website"},"datePublished":"2025-04-01T15:52:29+00:00","dateModified":"2025-04-01T15:52:32+00:00","breadcrumb":{"@id":"https:\/\/nbcuniversalnewsgroup.com\/telemundo\/es\/2025\/04\/01\/nbcuniversal-telemundo-enterprises-asciende-a-javier-pons-al-cargo-de-chief-content-officer-head-of-telemundo-studios\/#breadcrumb"},"inLanguage":"en-US","potentialAction":[{"@type":"ReadAction","target":["https:\/\/nbcuniversalnewsgroup.com\/telemundo\/es\/2025\/04\/01\/nbcuniversal-telemundo-enterprises-asciende-a-javier-pons-al-cargo-de-chief-content-officer-head-of-telemundo-studios\/"]}]},{"@type":"BreadcrumbList","@id":"https:\/\/nbcuniversalnewsgroup.com\/telemundo\/es\/2025\/04\/01\/nbcuniversal-telemundo-enterprises-asciende-a-javier-pons-al-cargo-de-chief-content-officer-head-of-telemundo-studios\/#breadcrumb","itemListElement":[{"@type":"ListItem","position":1,"name":"Home","item":"https:\/\/nbcuniversalnewsgroup.com\/telemundo\/"},{"@type":"ListItem","position":2,"name":"NBCUniversal Telemundo Enterprises Asciende a Javier Pons Al Cargo De Chief Content Officer &amp; Head of Telemundo Studios"}]},{"@type":"WebSite","@id":"https:\/\/nbcuniversalnewsgroup.com\/telemundo\/#website","url":"https:\/\/nbcuniversalnewsgroup.com\/telemundo\/","name":"NBCUniversal Telemundo Enterprises Press Releases","description":"NBCUniversal Telemundo Enterprises leads the media industry in the production and distribution of Spanish-language entertainment, news and sports content for U.S. Hispanics and audiences around the world.","publisher":{"@id":"https:\/\/nbcuniversalnewsgroup.com\/telemundo\/#organization"},"potentialAction":[{"@type":"SearchAction","target":{"@type":"EntryPoint","urlTemplate":"https:\/\/nbcuniversalnewsgroup.com\/telemundo\/?s={search_term_string}"},"query-input":{"@type":"PropertyValueSpecification","valueRequired":true,"valueName":"search_term_string"}}],"inLanguage":"en-US"},{"@type":"Organization","@id":"https:\/\/nbcuniversalnewsgroup.com\/telemundo\/#organization","name":"NBCUniversal Telemundo Enterprises Press Releases","url":"https:\/\/nbcuniversalnewsgroup.com\/telemundo\/","logo":{"@type":"ImageObject","inLanguage":"en-US","@id":"https:\/\/nbcuniversalnewsgroup.com\/telemundo\/#\/schema\/logo\/image\/","url":"","contentUrl":"","caption":"NBCUniversal Telemundo Enterprises Press Releases"},"image":{"@id":"https:\/\/nbcuniversalnewsgroup.com\/telemundo\/#\/schema\/logo\/image\/"},"sameAs":["https:\/\/www.facebook.com\/NBCUTelemundo\/","https:\/\/x.com\/NBCUTelemundo","https:\/\/www.instagram.com\/nbcutelemundo\/","https:\/\/www.linkedin.com\/company\/nbcuniversaltelemundoenterprises","https:\/\/www.threads.net\/@nbcutelemundo"]},{"@type":"Person","@id":"https:\/\/nbcuniversalnewsgroup.com\/telemundo\/#\/schema\/person\/71375f95e907cc09385448ec02f6937f","name":"NBCUniversal News Group","image":{"@type":"ImageObject","inLanguage":"en-US","@id":"https:\/\/secure.gravatar.com\/avatar\/e10e6d3cbbefdce7f5e6bb676ab54cd85e88d8109192053eb487cc96406e49b0?s=96&d=mm&r=g","url":"https:\/\/secure.gravatar.com\/avatar\/e10e6d3cbbefdce7f5e6bb676ab54cd85e88d8109192053eb487cc96406e49b0?s=96&d=mm&r=g","contentUrl":"https:\/\/secure.gravatar.com\/avatar\/e10e6d3cbbefdce7f5e6bb676ab54cd85e88d8109192053eb487cc96406e49b0?s=96&d=mm&r=g","caption":"NBCUniversal News Group"},"url":"https:\/\/nbcuniversalnewsgroup.com\/telemundo\/author\/trasaterra\/"}]}},"jetpack_featured_media_url":"","_links":{"self":[{"href":"https:\/\/nbcuniversalnewsgroup.com\/telemundo\/wp-json\/wp\/v2\/posts\/1114","targetHints":{"allow":["GET"]}}],"collection":[{"href":"https:\/\/nbcuniversalnewsgroup.com\/telemundo\/wp-json\/wp\/v2\/posts"}],"about":[{"href":"https:\/\/nbcuniversalnewsgroup.com\/telemundo\/wp-json\/wp\/v2\/types\/post"}],"author":[{"embeddable":true,"href":"https:\/\/nbcuniversalnewsgroup.com\/telemundo\/wp-json\/wp\/v2\/users\/3"}],"replies":[{"embeddable":true,"href":"https:\/\/nbcuniversalnewsgroup.com\/telemundo\/wp-json\/wp\/v2\/comments?post=1114"}],"version-history":[{"count":0,"href":"https:\/\/nbcuniversalnewsgroup.com\/telemundo\/wp-json\/wp\/v2\/posts\/1114\/revisions"}],"wp:attachment":[{"href":"https:\/\/nbcuniversalnewsgroup.com\/telemundo\/wp-json\/wp\/v2\/media?parent=1114"}],"wp:term":[{"taxonomy":"category","embeddable":true,"href":"https:\/\/nbcuniversalnewsgroup.com\/telemundo\/wp-json\/wp\/v2\/categories?post=1114"},{"taxonomy":"post_tag","embeddable":true,"href":"https:\/\/nbcuniversalnewsgroup.com\/telemundo\/wp-json\/wp\/v2\/tags?post=1114"}],"curies":[{"name":"wp","href":"https:\/\/api.w.org\/{rel}","templated":true}]}}