{"id":1110,"date":"2025-03-27T18:03:56","date_gmt":"2025-03-27T18:03:56","guid":{"rendered":"https:\/\/nbcuniversalnewsgroup.com\/telemundo\/?p=1110"},"modified":"2025-03-27T18:04:41","modified_gmt":"2025-03-27T18:04:41","slug":"telemundo-presenta-siempre-selena-30-anos-de-su-muerte-un-tributo-especial-a-la-reina-del-tex-mex-este-sabado-29-de-marzo-a-las-8pm-et-7-ct-10-pt-y-el-domingo-a-las-4pm-3-ct","status":"publish","type":"post","link":"https:\/\/nbcuniversalnewsgroup.com\/telemundo\/es\/2025\/03\/27\/telemundo-presenta-siempre-selena-30-anos-de-su-muerte-un-tributo-especial-a-la-reina-del-tex-mex-este-sabado-29-de-marzo-a-las-8pm-et-7-ct-10-pt-y-el-domingo-a-las-4pm-3-ct\/","title":{"rendered":"Telemundo Presenta \u2018Siempre Selena: 30 A\u00f1os De Su Muerte\u2019, Un Tributo Especial A La Reina Del Tex-Mex, Este S\u00e1bado, 29 De Marzo A Las 8pm Et\/7 Ct\/10 Pt, Y El Domingo A Las 4pm\/3 Ct"},"content":{"rendered":"\n<figure class=\"wp-block-image\"><img data-recalc-dims=\"1\" decoding=\"async\" src=\"https:\/\/i0.wp.com\/media.muckrack.com\/pitches\/Rvlu\/images\/ss_keyart.jpg?w=640&#038;ssl=1\" alt=\"\" \/><\/figure>\n\n\n\n<p><a href=\"http:\/\/email.nbcuni.com\/c\/eJxUzzuP2kAQAOBfMy7R7sx6dl24AFnWnXR5SCRFKrSPWfDhB2cMBn59lDL1V32pJiZUhdTaGlIVc6WLU63YZifWlN5hVoGVKMPeKRckOG_LoqtRYakIrbakUW2M8aVJ0UsW68qcwKgxxNvYbeI0FH19WpbLFWgL2AK267pu0jxdwvT454DtNfaAbZ4A25se7k_zUtfoX90XLo9ejl-A7XZ3Hr1a38bPxoU_8eft9xu_TwaoTT1QowBZgBoNyJdZ7p2sQM2vj2_NYd_JcJllL72M_qD5UR1IHfbb3bb5Abhr379vPzbDdAfkuT_LE6hZRq_TJ7t8fJzHW5iDz10eXqMF5OsC1LALXdSnXMz1UWY_p2kzPafe_x9f6koixWiyiUajodIJVpYMebFsK_HFUgfi5LFyFGxSOVqumMUnNqIQrfXFvca_AQAA__9bBIET\"><strong>Descargar Video<\/strong><\/a><\/p>\n\n\n\n<p><strong>QU\u00c9:&nbsp;&nbsp;&nbsp;&nbsp;&nbsp;&nbsp;&nbsp;&nbsp;&nbsp;&nbsp;&nbsp;&nbsp;&nbsp;&nbsp;&nbsp;&nbsp;&nbsp;&nbsp;<\/strong><\/p>\n\n\n\n<p><a href=\"http:\/\/email.nbcuni.com\/c\/eJxUzEFurDAMANDTkCVKbMdOFln8DfcwsfNnJAYqyhT19lWX3T89a8gIMXhLQhgrc03h0Tr5yiOhJhmlRCIEMMkFCljKK4dngwg5IkgSTBBnIs1kXX24lDxsoriv_b0_5368wtYe1_XxOeG_CZYJlvu-58s3f713O37FBEs4238_9bRjPr6PTf8OV6vesXca1CkBYS4OVZBQXViqa7jaimwKteAqFkcXrsyuxuQRQETDV4OfAAAA__8BjUV_\">Telemundo <\/a>presenta&nbsp;<em><strong>Siempre Selena: 30 a\u00f1os de su muerte<\/strong><\/em>, un especial de dos partes que se transmitir\u00e1 este fin de semana en honor a la inolvidable reina del Tex-Mex, Selena Quintanilla.<\/p>\n\n\n\n<p>Jessica Carrillo viajar\u00e1 a Corpus Christi, Texas, para visitar el lugar de la tr\u00e1gica muerte y el vecindario que vio nacer a la ic\u00f3nica artista, adem\u00e1s de entrevistar a importantes figuras clave del caso. Desde Telemundo Center en Miami, Lourdes Stephen abordar\u00e1 otros temas relevantes y ofrecer\u00e1 un an\u00e1lisis profundo junto a invitados especiales de la m\u00e1s reciente entrevista con Yolanda Sald\u00edvar, quien podr\u00eda salir en libertad.<\/p>\n\n\n\n<p>Giselle Blondet tambi\u00e9n se une a esta programaci\u00f3n especial, que contar\u00e1 con entrevistas exclusivas con estrellas como Ana B\u00e1rbara, Carin Le\u00f3n, Jennifer L\u00f3pez, Luc\u00eda M\u00e9ndez, Pete Astudillo, y Yuri, entre otros, para recordar a la querida Selena. Adem\u00e1s, AB Quintanilla hablar\u00e1 sobre la carrera musical de su hermana y presentar\u00e1 un musical nunca visto en televisi\u00f3n, dedicado a la inolvidable Selena.<\/p>\n\n\n\n<p>Telemundo continuar\u00e1 su tributo a Selena con una cobertura especial en los programas diurnos de la cadena durante toda la semana, culminando el pr\u00f3ximo s\u00e1bado con la transmisi\u00f3n de la pel\u00edcula&nbsp;<em>Selena<\/em>, protagonizada por Jennifer L\u00f3pez.<\/p>\n\n\n\n<p><strong>CU\u00c1NDO:&nbsp;&nbsp;&nbsp;&nbsp;&nbsp;&nbsp;&nbsp;&nbsp;<\/strong><\/p>\n\n\n\n<p>Este s\u00e1bado, 29 de marzo a las 8pm ET\/7 CT\/10 PT despu\u00e9s del partido Chivas vs Cruz Azul, y el domingo, 30 de marzo a las 4pm\/3 CT.<\/p>\n\n\n\n<p>La pel\u00edcula <em>Selena<\/em> se transmitir\u00e1 el s\u00e1bado, 5 de abril a las 8pm\/7 CT.<\/p>\n\n\n\n<p><strong>DONDE:<\/strong>&nbsp;&nbsp;&nbsp;&nbsp;&nbsp;&nbsp;&nbsp;&nbsp;&nbsp;&nbsp;&nbsp;<\/p>\n\n\n\n<p>La audiencia podr\u00e1 ver esta programaci\u00f3n especial en vivo por Telemundo o en la aplicaci\u00f3n de&nbsp;<a href=\"http:\/\/email.nbcuni.com\/c\/eJxUzLFahDAMAOCnoSNfm6QJHTq4MDo4uKdt8FCO8nGcfr69sy_wt4yM4J3lIIQ-MafgbjkSTJ6ppBIwhMILG8VW2sSpJI3k1gweokeQIBjAj0QaqVW1xWSKSxvI76U-93Ws_e62fLuu4zHgywDzAPNlm92fe-ujHse4rfvXAPNbPz5fH-8_61rcmT_s1LP1sf_2Tf9rV05WsVZaqFIAwjgZJEFCNWFJpu7KBbkppAmLNL9U4cRs2pjMA4io-87wFwAA___xokpd\">Telemundo<\/a>, disponible en&nbsp;<a href=\"http:\/\/email.nbcuni.com\/c\/eJxUzTFu7CAQANDTQInwzACmoPjSF_cYw7BriTWWzSba20cpU7_i1YQewWpJSyC00fu46GdyUZgKrMDYNimWbFyjpdaAW3Qb6z2BBWcRwhJwAWuI2FEtLE3C6lpVZI-tvI_dlPHSPT3nPG-F_xRkBfns_DGPMR5dfl1Bvue4REHm87wV5CqT934rzHtV-L-Ml5nS5fU-6jD8LfpKD7n4qsOMz-j8t5spSsFSqFGhBQjdKhADErIEH6KwnmlDXxniiluotpXgo_fC1ZNYgBBYfyX4CQAA__9fy1Ye\">Google Play Store<\/a>&nbsp;y&nbsp;<a href=\"http:\/\/email.nbcuni.com\/c\/eJxUzb1uhTAMQOGnSTZQsBObDBm68B4mNr1IXED8Sfftq6pT13OGTwsSQvBWOo4YMlHu_KtgQgDkSiRsnbGKKlIdjYSYkPxcIEAKCNwxdhDaGCVFrWKTcZ8mdTGsY73Xua3b2y_ldV376fDLweBgkH0_W9n3xX63g-E-_6qD4bLF3veqW3PaMdvZfJrraWxtnvnZHAyzUh9STtQHf5RvO-TQrd0-2yL_0atkq1hrnGKNHURMvUFmjCjGxNnEX2VEUoHc48gapsqUiUyUogUAZvFPgZ8AAAD__555VoU\">Apple Store<\/a>.&nbsp;Para m\u00e1s informaci\u00f3n, visita <a href=\"http:\/\/email.nbcuni.com\/c\/eJxUzEFurDAMANDTkCVKbMdOFln8DfcwsfNnJAYqyhT19lWX3T89a8gIMXhLQhgrc03h0Tr5yiOhJhmlRCIEMMkFCljKK4dngwg5IkgSTBBnIs1kXX24lDxsoriv_b0_5368wtYe1_XxOeG_CZYJlvu-58s3f713O37FBEs4238_9bRjPr6PTf8OV6vesXca1CkBYS4OVZBQXViqa7jaimwKteAqFkcXrsyuxuQRQETDV4OfAAAA__8BjUV_\">Telemundo.com<\/a> y el canal de YouTube <a href=\"http:\/\/email.nbcuni.com\/c\/eJxUzDFu6zAMgOHTWKMhkzQpDRre8HKCXkCi6MZAIhWuXCO3LzJ2_X_gqwkZwTtLixD6yBwXd0-FAofVq3AJISJkhmhcNWoNFCG4PYGH1SPIIriAn4nySlWzbSZh3epEvhU92z5rf7pHuo_x9T3hvwluE9yu65pf_Rxnsfd_R_If9rDn2Wr_38Zhw9r-3K2N7o70aUc-ap_7qz_yX3qkaIqqtJHSAoRrMIiChNmEJVp2IxXkmiEGLFL9psKR2XJlMg8gkt1Pgt8AAAD__zzhT1E\">@TelemundoEntretenimiento<\/a>, y \u00fanete a la conversaci\u00f3n a trav\u00e9s de <a href=\"http:\/\/email.nbcuni.com\/c\/eJxUzb1qwzAQAOCnkUYj3Z3vrEFDoBg6dCs0q35OicmPiuPW7duXjN0_-GpERnBWoxdCF5iDt-fIBYvHqebKzgVWBA8-s4qnRiijXSI4GB2CeEEPbiBKI9WStKlMY6uG3D2Xr_sylH6z13jets-HwYOB2cC87_vQUtHc--UJDMyPc1rVwOwPl7fT-8cR8Ulxvi1Zf7alGnzZ9-NrW-0aT7qmtfah__Zr-j9tMWjBUqhRIQ-E46QQBAmTCkvQZLeYkWuCMGGW6loRDsyaKpM6AJFkvyP8BQAA__8YblIi\">Facebook<\/a>, <a href=\"http:\/\/email.nbcuni.com\/c\/eJxUzDFu6zAMANDTWKMhkTQpDhr-4nswFJ0ESOwPR2nQ2xcduz-83pARcopWhDArs5Z0a2qci3gtWq2o-cJUXZfNSUsNtnRvkGHJCFIEC-SZyBbqbrGF1GXrE-X94u_9PvvxTI92G-P_a8J_E6wTrJ_PZ77vr2HX056_YoJ1xCOe770fE6zpbNc47ezHfHwfD_u7jabh6E4bORUgXGqAChJaCIuGpdEuyN1AK16k582FlTmsM0UGELH01eAnAAD__-b6Sic\">Instagram<\/a>, <a href=\"http:\/\/email.nbcuni.com\/c\/eJxUzMFq8zAMAOCniY_FkWQrOvhQfv7AYPTYuyLLS6FNSut17O3Hjjt_8NWCGSEGLyMTRslZxrAWbSIqNDU0cVC1JTk3nBIaxiVjuBSIkCICj4wjxAORJqqm3pyn1OpAcVvsc7scbL-Fa1l7vz8HPA4wDzB_rdqfer__4gCzrbptfh1gjhHkrP_e326JT7sez_-xwwle4VE-_KGPuh_27_2qf_texA3NqJHRCIRpchBGQnXOLK6hlwVzVZAJF66xGWfJ2bVm8gjArOFV4CcAAP__Lr5O9A\">WhatsApp<\/a> y <a href=\"http:\/\/email.nbcuni.com\/c\/eJxUzDFuwzAMAMDXSKMhkbRoDRq6-AX9AE1STQDHKlynaH9fdMx6w1nDgpCit8yEqZZSc7w1qb0vqeo2m7ErZU1QvNfs3mnrFu8NEswJgTNjhjQRyUym4t15mbsFSsemz-M-6XjEvd2u6_Mr4FuANcD6868B1nff_fE8bARY49k-_JTTxjR-xy6vw9WqK6pSJ6UMhPPiUBkJxblwdYlX27CYQF1wY0tdudRSXKyQJwBmid8N_gIAAP__DchGnA\">X<\/a> siguiendo @Telemundo.<\/p>\n\n\n\n<p><strong>ACERCA DE NBCUNIVERSAL TELEMUNDO ENTERPRISES:<\/strong><\/p>\n\n\n\n<p>NBCUniversal Telemundo Enterprises lidera la industria de los medios en la producci\u00f3n y distribuci\u00f3n de contenido en espa\u00f1ol para los hispanos de Estados Unidos y audiencias del mundo entero. La compa\u00f1\u00eda sirve a los hispanos de Estados Unidos a trav\u00e9s de su cadena nacional de televisi\u00f3n, la cadena de cable Universo, y plataformas digitales que incluyen la aplicaci\u00f3n Telemundo, una suite de canales FAST, y servicios de streaming, como Peacock, entre otros. La cadena Telemundo ofrece entretenimiento, noticias y deportes en espa\u00f1ol que llegan al 95% de los hogares hispanos de Estados Unidos en 210 mercados, a trav\u00e9s de 30 emisoras propias y 91 estaciones afiliadas. Telemundo tambi\u00e9n es propietaria de una emisora independiente en Puerto Rico. Gracias a Telemundo Studios, la cadena es la productora n\u00famero uno de contenidos de ficci\u00f3n en espa\u00f1ol en Estados Unidos, y la \u00fanica cadena que produce contenido original espec\u00edficamente para audiencias hispanas en Estados Unidos. Ofreciendo m\u00e1s de 600 horas de programas de reality al a\u00f1o, y especiales en vivo de mayor audiencia como los Premios Billboard de la M\u00fasica Latina y Miss Universo, Telemundo es considerada la casa indiscutible de la televisi\u00f3n en vivo de los medios hispanos. La cadena es tambi\u00e9n el hogar exclusivo en espa\u00f1ol de los dos eventos deportivos m\u00e1s populares del mundo, la Copa Mundial de la FIFA y los Juegos Ol\u00edmpicos. NBCUniversal Telemundo Enterprises es una divisi\u00f3n de NBCUniversal, una subsidiaria de Comcast Corporation.<\/p>\n\n\n\n<p>Contacto de medios:<\/p>\n\n\n\n<p>Gerardo Oyola<\/p>\n\n\n\n<p>Director, Alternative Programming Publicity<\/p>\n\n\n\n<p><a href=\"mailto:gerardo.oyola@nbcuni.com\">gerardo.oyola@nbcuni.com<\/a><\/p>\n","protected":false},"excerpt":{"rendered":"<p>Descargar Video QU\u00c9:&nbsp;&nbsp;&nbsp;&nbsp;&nbsp;&nbsp;&nbsp;&nbsp;&nbsp;&nbsp;&nbsp;&nbsp;&nbsp;&nbsp;&nbsp;&nbsp;&nbsp;&nbsp; Telemundo presenta&nbsp;Siempre Selena: 30 a\u00f1os de su muerte, un especial de dos partes que se transmitir\u00e1 este fin de semana en honor a la inolvidable reina del Tex-Mex, Selena Quintanilla. Jessica Carrillo viajar\u00e1 a Corpus Christi, Texas, para visitar el lugar de la tr\u00e1gica muerte y el vecindario que vio nacer a [&#8230;]<\/p>\n<p><a class=\"btn btn-secondary understrap-read-more-link\" href=\"https:\/\/nbcuniversalnewsgroup.com\/telemundo\/es\/2025\/03\/27\/telemundo-presenta-siempre-selena-30-anos-de-su-muerte-un-tributo-especial-a-la-reina-del-tex-mex-este-sabado-29-de-marzo-a-las-8pm-et-7-ct-10-pt-y-el-domingo-a-las-4pm-3-ct\/\">Read More&#8230;<span class=\"screen-reader-text\"> from Telemundo Presenta \u2018Siempre Selena: 30 A\u00f1os De Su Muerte\u2019, Un Tributo Especial A La Reina Del Tex-Mex, Este S\u00e1bado, 29 De Marzo A Las 8pm Et\/7 Ct\/10 Pt, Y El Domingo A Las 4pm\/3 Ct<\/span><\/a><\/p>\n","protected":false},"author":3,"featured_media":0,"comment_status":"open","ping_status":"open","sticky":false,"template":"","format":"standard","meta":{"jetpack_post_was_ever_published":false,"footnotes":""},"categories":[5],"tags":[],"class_list":["post-1110","post","type-post","status-publish","format-standard","hentry","category-telemundo"],"yoast_head":"<!-- This site is optimized with the Yoast SEO plugin v27.5 - https:\/\/yoast.com\/product\/yoast-seo-wordpress\/ -->\n<title>Telemundo Presenta \u2018Siempre Selena: 30 A\u00f1os De Su Muerte\u2019, Un Tributo Especial A La Reina Del Tex-Mex, Este S\u00e1bado, 29 De Marzo A Las 8pm Et\/7 Ct\/10 Pt, Y El Domingo A Las 4pm\/3 Ct - NBCUniversal Telemundo Enterprises Press Releases<\/title>\n<meta name=\"robots\" content=\"index, follow, max-snippet:-1, max-image-preview:large, max-video-preview:-1\" \/>\n<link rel=\"canonical\" href=\"https:\/\/nbcuniversalnewsgroup.com\/telemundo\/es\/2025\/03\/27\/telemundo-presenta-siempre-selena-30-anos-de-su-muerte-un-tributo-especial-a-la-reina-del-tex-mex-este-sabado-29-de-marzo-a-las-8pm-et-7-ct-10-pt-y-el-domingo-a-las-4pm-3-ct\/\" \/>\n<meta property=\"og:locale\" content=\"en_US\" \/>\n<meta property=\"og:type\" content=\"article\" \/>\n<meta property=\"og:title\" content=\"Telemundo Presenta \u2018Siempre Selena: 30 A\u00f1os De Su Muerte\u2019, Un Tributo Especial A La Reina Del Tex-Mex, Este S\u00e1bado, 29 De Marzo A Las 8pm Et\/7 Ct\/10 Pt, Y El Domingo A Las 4pm\/3 Ct - NBCUniversal Telemundo Enterprises Press Releases\" \/>\n<meta property=\"og:description\" content=\"Descargar Video QU\u00c9:&nbsp;&nbsp;&nbsp;&nbsp;&nbsp;&nbsp;&nbsp;&nbsp;&nbsp;&nbsp;&nbsp;&nbsp;&nbsp;&nbsp;&nbsp;&nbsp;&nbsp;&nbsp; Telemundo presenta&nbsp;Siempre Selena: 30 a\u00f1os de su muerte, un especial de dos partes que se transmitir\u00e1 este fin de semana en honor a la inolvidable reina del Tex-Mex, Selena Quintanilla. Jessica Carrillo viajar\u00e1 a Corpus Christi, Texas, para visitar el lugar de la tr\u00e1gica muerte y el vecindario que vio nacer a [...]Read More... from Telemundo Presenta \u2018Siempre Selena: 30 A\u00f1os De Su Muerte\u2019, Un Tributo Especial A La Reina Del Tex-Mex, Este S\u00e1bado, 29 De Marzo A Las 8pm Et\/7 Ct\/10 Pt, Y El Domingo A Las 4pm\/3 Ct\" \/>\n<meta property=\"og:url\" content=\"https:\/\/nbcuniversalnewsgroup.com\/telemundo\/es\/2025\/03\/27\/telemundo-presenta-siempre-selena-30-anos-de-su-muerte-un-tributo-especial-a-la-reina-del-tex-mex-este-sabado-29-de-marzo-a-las-8pm-et-7-ct-10-pt-y-el-domingo-a-las-4pm-3-ct\/\" \/>\n<meta property=\"og:site_name\" content=\"NBCUniversal Telemundo Enterprises Press Releases\" \/>\n<meta property=\"article:publisher\" content=\"https:\/\/www.facebook.com\/NBCUTelemundo\/\" \/>\n<meta property=\"article:published_time\" content=\"2025-03-27T18:03:56+00:00\" \/>\n<meta property=\"article:modified_time\" content=\"2025-03-27T18:04:41+00:00\" \/>\n<meta property=\"og:image\" content=\"https:\/\/media.muckrack.com\/pitches\/Rvlu\/images\/ss_keyart.jpg\" \/>\n<meta name=\"author\" content=\"NBCUniversal News Group\" \/>\n<meta name=\"twitter:card\" content=\"summary_large_image\" \/>\n<meta name=\"twitter:creator\" content=\"@NBCUTelemundo\" \/>\n<meta name=\"twitter:site\" content=\"@NBCUTelemundo\" \/>\n<meta name=\"twitter:label1\" content=\"Written by\" \/>\n\t<meta name=\"twitter:data1\" content=\"NBCUniversal News Group\" \/>\n\t<meta name=\"twitter:label2\" content=\"Est. reading time\" \/>\n\t<meta name=\"twitter:data2\" content=\"3 minutes\" \/>\n<script type=\"application\/ld+json\" class=\"yoast-schema-graph\">{\"@context\":\"https:\\\/\\\/schema.org\",\"@graph\":[{\"@type\":\"Article\",\"@id\":\"https:\\\/\\\/nbcuniversalnewsgroup.com\\\/telemundo\\\/es\\\/2025\\\/03\\\/27\\\/telemundo-presenta-siempre-selena-30-anos-de-su-muerte-un-tributo-especial-a-la-reina-del-tex-mex-este-sabado-29-de-marzo-a-las-8pm-et-7-ct-10-pt-y-el-domingo-a-las-4pm-3-ct\\\/#article\",\"isPartOf\":{\"@id\":\"https:\\\/\\\/nbcuniversalnewsgroup.com\\\/telemundo\\\/es\\\/2025\\\/03\\\/27\\\/telemundo-presenta-siempre-selena-30-anos-de-su-muerte-un-tributo-especial-a-la-reina-del-tex-mex-este-sabado-29-de-marzo-a-las-8pm-et-7-ct-10-pt-y-el-domingo-a-las-4pm-3-ct\\\/\"},\"author\":{\"name\":\"NBCUniversal News Group\",\"@id\":\"https:\\\/\\\/nbcuniversalnewsgroup.com\\\/telemundo\\\/#\\\/schema\\\/person\\\/71375f95e907cc09385448ec02f6937f\"},\"headline\":\"Telemundo Presenta \u2018Siempre Selena: 30 A\u00f1os De Su Muerte\u2019, Un Tributo Especial A La Reina Del Tex-Mex, Este S\u00e1bado, 29 De Marzo A Las 8pm Et\\\/7 Ct\\\/10 Pt, Y El Domingo A Las 4pm\\\/3 Ct\",\"datePublished\":\"2025-03-27T18:03:56+00:00\",\"dateModified\":\"2025-03-27T18:04:41+00:00\",\"mainEntityOfPage\":{\"@id\":\"https:\\\/\\\/nbcuniversalnewsgroup.com\\\/telemundo\\\/es\\\/2025\\\/03\\\/27\\\/telemundo-presenta-siempre-selena-30-anos-de-su-muerte-un-tributo-especial-a-la-reina-del-tex-mex-este-sabado-29-de-marzo-a-las-8pm-et-7-ct-10-pt-y-el-domingo-a-las-4pm-3-ct\\\/\"},\"wordCount\":675,\"commentCount\":0,\"publisher\":{\"@id\":\"https:\\\/\\\/nbcuniversalnewsgroup.com\\\/telemundo\\\/#organization\"},\"image\":{\"@id\":\"https:\\\/\\\/nbcuniversalnewsgroup.com\\\/telemundo\\\/es\\\/2025\\\/03\\\/27\\\/telemundo-presenta-siempre-selena-30-anos-de-su-muerte-un-tributo-especial-a-la-reina-del-tex-mex-este-sabado-29-de-marzo-a-las-8pm-et-7-ct-10-pt-y-el-domingo-a-las-4pm-3-ct\\\/#primaryimage\"},\"thumbnailUrl\":\"https:\\\/\\\/media.muckrack.com\\\/pitches\\\/Rvlu\\\/images\\\/ss_keyart.jpg\",\"articleSection\":[\"Telemundo\"],\"inLanguage\":\"en-US\"},{\"@type\":\"WebPage\",\"@id\":\"https:\\\/\\\/nbcuniversalnewsgroup.com\\\/telemundo\\\/es\\\/2025\\\/03\\\/27\\\/telemundo-presenta-siempre-selena-30-anos-de-su-muerte-un-tributo-especial-a-la-reina-del-tex-mex-este-sabado-29-de-marzo-a-las-8pm-et-7-ct-10-pt-y-el-domingo-a-las-4pm-3-ct\\\/\",\"url\":\"https:\\\/\\\/nbcuniversalnewsgroup.com\\\/telemundo\\\/es\\\/2025\\\/03\\\/27\\\/telemundo-presenta-siempre-selena-30-anos-de-su-muerte-un-tributo-especial-a-la-reina-del-tex-mex-este-sabado-29-de-marzo-a-las-8pm-et-7-ct-10-pt-y-el-domingo-a-las-4pm-3-ct\\\/\",\"name\":\"Telemundo Presenta \u2018Siempre Selena: 30 A\u00f1os De Su Muerte\u2019, Un Tributo Especial A La Reina Del Tex-Mex, Este S\u00e1bado, 29 De Marzo A Las 8pm Et\\\/7 Ct\\\/10 Pt, Y El Domingo A Las 4pm\\\/3 Ct - NBCUniversal Telemundo Enterprises Press Releases\",\"isPartOf\":{\"@id\":\"https:\\\/\\\/nbcuniversalnewsgroup.com\\\/telemundo\\\/#website\"},\"primaryImageOfPage\":{\"@id\":\"https:\\\/\\\/nbcuniversalnewsgroup.com\\\/telemundo\\\/es\\\/2025\\\/03\\\/27\\\/telemundo-presenta-siempre-selena-30-anos-de-su-muerte-un-tributo-especial-a-la-reina-del-tex-mex-este-sabado-29-de-marzo-a-las-8pm-et-7-ct-10-pt-y-el-domingo-a-las-4pm-3-ct\\\/#primaryimage\"},\"image\":{\"@id\":\"https:\\\/\\\/nbcuniversalnewsgroup.com\\\/telemundo\\\/es\\\/2025\\\/03\\\/27\\\/telemundo-presenta-siempre-selena-30-anos-de-su-muerte-un-tributo-especial-a-la-reina-del-tex-mex-este-sabado-29-de-marzo-a-las-8pm-et-7-ct-10-pt-y-el-domingo-a-las-4pm-3-ct\\\/#primaryimage\"},\"thumbnailUrl\":\"https:\\\/\\\/media.muckrack.com\\\/pitches\\\/Rvlu\\\/images\\\/ss_keyart.jpg\",\"datePublished\":\"2025-03-27T18:03:56+00:00\",\"dateModified\":\"2025-03-27T18:04:41+00:00\",\"breadcrumb\":{\"@id\":\"https:\\\/\\\/nbcuniversalnewsgroup.com\\\/telemundo\\\/es\\\/2025\\\/03\\\/27\\\/telemundo-presenta-siempre-selena-30-anos-de-su-muerte-un-tributo-especial-a-la-reina-del-tex-mex-este-sabado-29-de-marzo-a-las-8pm-et-7-ct-10-pt-y-el-domingo-a-las-4pm-3-ct\\\/#breadcrumb\"},\"inLanguage\":\"en-US\",\"potentialAction\":[{\"@type\":\"ReadAction\",\"target\":[\"https:\\\/\\\/nbcuniversalnewsgroup.com\\\/telemundo\\\/es\\\/2025\\\/03\\\/27\\\/telemundo-presenta-siempre-selena-30-anos-de-su-muerte-un-tributo-especial-a-la-reina-del-tex-mex-este-sabado-29-de-marzo-a-las-8pm-et-7-ct-10-pt-y-el-domingo-a-las-4pm-3-ct\\\/\"]}]},{\"@type\":\"ImageObject\",\"inLanguage\":\"en-US\",\"@id\":\"https:\\\/\\\/nbcuniversalnewsgroup.com\\\/telemundo\\\/es\\\/2025\\\/03\\\/27\\\/telemundo-presenta-siempre-selena-30-anos-de-su-muerte-un-tributo-especial-a-la-reina-del-tex-mex-este-sabado-29-de-marzo-a-las-8pm-et-7-ct-10-pt-y-el-domingo-a-las-4pm-3-ct\\\/#primaryimage\",\"url\":\"https:\\\/\\\/media.muckrack.com\\\/pitches\\\/Rvlu\\\/images\\\/ss_keyart.jpg\",\"contentUrl\":\"https:\\\/\\\/media.muckrack.com\\\/pitches\\\/Rvlu\\\/images\\\/ss_keyart.jpg\"},{\"@type\":\"BreadcrumbList\",\"@id\":\"https:\\\/\\\/nbcuniversalnewsgroup.com\\\/telemundo\\\/es\\\/2025\\\/03\\\/27\\\/telemundo-presenta-siempre-selena-30-anos-de-su-muerte-un-tributo-especial-a-la-reina-del-tex-mex-este-sabado-29-de-marzo-a-las-8pm-et-7-ct-10-pt-y-el-domingo-a-las-4pm-3-ct\\\/#breadcrumb\",\"itemListElement\":[{\"@type\":\"ListItem\",\"position\":1,\"name\":\"Home\",\"item\":\"https:\\\/\\\/nbcuniversalnewsgroup.com\\\/telemundo\\\/\"},{\"@type\":\"ListItem\",\"position\":2,\"name\":\"Telemundo Presenta \u2018Siempre Selena: 30 A\u00f1os De Su Muerte\u2019, Un Tributo Especial A La Reina Del Tex-Mex, Este S\u00e1bado, 29 De Marzo A Las 8pm Et\\\/7 Ct\\\/10 Pt, Y El Domingo A Las 4pm\\\/3 Ct\"}]},{\"@type\":\"WebSite\",\"@id\":\"https:\\\/\\\/nbcuniversalnewsgroup.com\\\/telemundo\\\/#website\",\"url\":\"https:\\\/\\\/nbcuniversalnewsgroup.com\\\/telemundo\\\/\",\"name\":\"NBCUniversal Telemundo Enterprises Press Releases\",\"description\":\"NBCUniversal Telemundo Enterprises leads the media industry in the production and distribution of Spanish-language entertainment, news and sports content for U.S. Hispanics and audiences around the world.\",\"publisher\":{\"@id\":\"https:\\\/\\\/nbcuniversalnewsgroup.com\\\/telemundo\\\/#organization\"},\"potentialAction\":[{\"@type\":\"SearchAction\",\"target\":{\"@type\":\"EntryPoint\",\"urlTemplate\":\"https:\\\/\\\/nbcuniversalnewsgroup.com\\\/telemundo\\\/?s={search_term_string}\"},\"query-input\":{\"@type\":\"PropertyValueSpecification\",\"valueRequired\":true,\"valueName\":\"search_term_string\"}}],\"inLanguage\":\"en-US\"},{\"@type\":\"Organization\",\"@id\":\"https:\\\/\\\/nbcuniversalnewsgroup.com\\\/telemundo\\\/#organization\",\"name\":\"NBCUniversal Telemundo Enterprises Press Releases\",\"url\":\"https:\\\/\\\/nbcuniversalnewsgroup.com\\\/telemundo\\\/\",\"logo\":{\"@type\":\"ImageObject\",\"inLanguage\":\"en-US\",\"@id\":\"https:\\\/\\\/nbcuniversalnewsgroup.com\\\/telemundo\\\/#\\\/schema\\\/logo\\\/image\\\/\",\"url\":\"\",\"contentUrl\":\"\",\"caption\":\"NBCUniversal Telemundo Enterprises Press Releases\"},\"image\":{\"@id\":\"https:\\\/\\\/nbcuniversalnewsgroup.com\\\/telemundo\\\/#\\\/schema\\\/logo\\\/image\\\/\"},\"sameAs\":[\"https:\\\/\\\/www.facebook.com\\\/NBCUTelemundo\\\/\",\"https:\\\/\\\/x.com\\\/NBCUTelemundo\",\"https:\\\/\\\/www.instagram.com\\\/nbcutelemundo\\\/\",\"https:\\\/\\\/www.linkedin.com\\\/company\\\/nbcuniversaltelemundoenterprises\",\"https:\\\/\\\/www.threads.net\\\/@nbcutelemundo\"]},{\"@type\":\"Person\",\"@id\":\"https:\\\/\\\/nbcuniversalnewsgroup.com\\\/telemundo\\\/#\\\/schema\\\/person\\\/71375f95e907cc09385448ec02f6937f\",\"name\":\"NBCUniversal News Group\",\"image\":{\"@type\":\"ImageObject\",\"inLanguage\":\"en-US\",\"@id\":\"https:\\\/\\\/secure.gravatar.com\\\/avatar\\\/e10e6d3cbbefdce7f5e6bb676ab54cd85e88d8109192053eb487cc96406e49b0?s=96&d=mm&r=g\",\"url\":\"https:\\\/\\\/secure.gravatar.com\\\/avatar\\\/e10e6d3cbbefdce7f5e6bb676ab54cd85e88d8109192053eb487cc96406e49b0?s=96&d=mm&r=g\",\"contentUrl\":\"https:\\\/\\\/secure.gravatar.com\\\/avatar\\\/e10e6d3cbbefdce7f5e6bb676ab54cd85e88d8109192053eb487cc96406e49b0?s=96&d=mm&r=g\",\"caption\":\"NBCUniversal News Group\"},\"url\":\"https:\\\/\\\/nbcuniversalnewsgroup.com\\\/telemundo\\\/author\\\/trasaterra\\\/\"}]}<\/script>\n<!-- \/ Yoast SEO plugin. -->","yoast_head_json":{"title":"Telemundo Presenta \u2018Siempre Selena: 30 A\u00f1os De Su Muerte\u2019, Un Tributo Especial A La Reina Del Tex-Mex, Este S\u00e1bado, 29 De Marzo A Las 8pm Et\/7 Ct\/10 Pt, Y El Domingo A Las 4pm\/3 Ct - NBCUniversal Telemundo Enterprises Press Releases","robots":{"index":"index","follow":"follow","max-snippet":"max-snippet:-1","max-image-preview":"max-image-preview:large","max-video-preview":"max-video-preview:-1"},"canonical":"https:\/\/nbcuniversalnewsgroup.com\/telemundo\/es\/2025\/03\/27\/telemundo-presenta-siempre-selena-30-anos-de-su-muerte-un-tributo-especial-a-la-reina-del-tex-mex-este-sabado-29-de-marzo-a-las-8pm-et-7-ct-10-pt-y-el-domingo-a-las-4pm-3-ct\/","og_locale":"en_US","og_type":"article","og_title":"Telemundo Presenta \u2018Siempre Selena: 30 A\u00f1os De Su Muerte\u2019, Un Tributo Especial A La Reina Del Tex-Mex, Este S\u00e1bado, 29 De Marzo A Las 8pm Et\/7 Ct\/10 Pt, Y El Domingo A Las 4pm\/3 Ct - NBCUniversal Telemundo Enterprises Press Releases","og_description":"Descargar Video QU\u00c9:&nbsp;&nbsp;&nbsp;&nbsp;&nbsp;&nbsp;&nbsp;&nbsp;&nbsp;&nbsp;&nbsp;&nbsp;&nbsp;&nbsp;&nbsp;&nbsp;&nbsp;&nbsp; Telemundo presenta&nbsp;Siempre Selena: 30 a\u00f1os de su muerte, un especial de dos partes que se transmitir\u00e1 este fin de semana en honor a la inolvidable reina del Tex-Mex, Selena Quintanilla. Jessica Carrillo viajar\u00e1 a Corpus Christi, Texas, para visitar el lugar de la tr\u00e1gica muerte y el vecindario que vio nacer a [...]Read More... from Telemundo Presenta \u2018Siempre Selena: 30 A\u00f1os De Su Muerte\u2019, Un Tributo Especial A La Reina Del Tex-Mex, Este S\u00e1bado, 29 De Marzo A Las 8pm Et\/7 Ct\/10 Pt, Y El Domingo A Las 4pm\/3 Ct","og_url":"https:\/\/nbcuniversalnewsgroup.com\/telemundo\/es\/2025\/03\/27\/telemundo-presenta-siempre-selena-30-anos-de-su-muerte-un-tributo-especial-a-la-reina-del-tex-mex-este-sabado-29-de-marzo-a-las-8pm-et-7-ct-10-pt-y-el-domingo-a-las-4pm-3-ct\/","og_site_name":"NBCUniversal Telemundo Enterprises Press Releases","article_publisher":"https:\/\/www.facebook.com\/NBCUTelemundo\/","article_published_time":"2025-03-27T18:03:56+00:00","article_modified_time":"2025-03-27T18:04:41+00:00","og_image":[{"url":"https:\/\/media.muckrack.com\/pitches\/Rvlu\/images\/ss_keyart.jpg","type":"","width":"","height":""}],"author":"NBCUniversal News Group","twitter_card":"summary_large_image","twitter_creator":"@NBCUTelemundo","twitter_site":"@NBCUTelemundo","twitter_misc":{"Written by":"NBCUniversal News Group","Est. reading time":"3 minutes"},"schema":{"@context":"https:\/\/schema.org","@graph":[{"@type":"Article","@id":"https:\/\/nbcuniversalnewsgroup.com\/telemundo\/es\/2025\/03\/27\/telemundo-presenta-siempre-selena-30-anos-de-su-muerte-un-tributo-especial-a-la-reina-del-tex-mex-este-sabado-29-de-marzo-a-las-8pm-et-7-ct-10-pt-y-el-domingo-a-las-4pm-3-ct\/#article","isPartOf":{"@id":"https:\/\/nbcuniversalnewsgroup.com\/telemundo\/es\/2025\/03\/27\/telemundo-presenta-siempre-selena-30-anos-de-su-muerte-un-tributo-especial-a-la-reina-del-tex-mex-este-sabado-29-de-marzo-a-las-8pm-et-7-ct-10-pt-y-el-domingo-a-las-4pm-3-ct\/"},"author":{"name":"NBCUniversal News Group","@id":"https:\/\/nbcuniversalnewsgroup.com\/telemundo\/#\/schema\/person\/71375f95e907cc09385448ec02f6937f"},"headline":"Telemundo Presenta \u2018Siempre Selena: 30 A\u00f1os De Su Muerte\u2019, Un Tributo Especial A La Reina Del Tex-Mex, Este S\u00e1bado, 29 De Marzo A Las 8pm Et\/7 Ct\/10 Pt, Y El Domingo A Las 4pm\/3 Ct","datePublished":"2025-03-27T18:03:56+00:00","dateModified":"2025-03-27T18:04:41+00:00","mainEntityOfPage":{"@id":"https:\/\/nbcuniversalnewsgroup.com\/telemundo\/es\/2025\/03\/27\/telemundo-presenta-siempre-selena-30-anos-de-su-muerte-un-tributo-especial-a-la-reina-del-tex-mex-este-sabado-29-de-marzo-a-las-8pm-et-7-ct-10-pt-y-el-domingo-a-las-4pm-3-ct\/"},"wordCount":675,"commentCount":0,"publisher":{"@id":"https:\/\/nbcuniversalnewsgroup.com\/telemundo\/#organization"},"image":{"@id":"https:\/\/nbcuniversalnewsgroup.com\/telemundo\/es\/2025\/03\/27\/telemundo-presenta-siempre-selena-30-anos-de-su-muerte-un-tributo-especial-a-la-reina-del-tex-mex-este-sabado-29-de-marzo-a-las-8pm-et-7-ct-10-pt-y-el-domingo-a-las-4pm-3-ct\/#primaryimage"},"thumbnailUrl":"https:\/\/media.muckrack.com\/pitches\/Rvlu\/images\/ss_keyart.jpg","articleSection":["Telemundo"],"inLanguage":"en-US"},{"@type":"WebPage","@id":"https:\/\/nbcuniversalnewsgroup.com\/telemundo\/es\/2025\/03\/27\/telemundo-presenta-siempre-selena-30-anos-de-su-muerte-un-tributo-especial-a-la-reina-del-tex-mex-este-sabado-29-de-marzo-a-las-8pm-et-7-ct-10-pt-y-el-domingo-a-las-4pm-3-ct\/","url":"https:\/\/nbcuniversalnewsgroup.com\/telemundo\/es\/2025\/03\/27\/telemundo-presenta-siempre-selena-30-anos-de-su-muerte-un-tributo-especial-a-la-reina-del-tex-mex-este-sabado-29-de-marzo-a-las-8pm-et-7-ct-10-pt-y-el-domingo-a-las-4pm-3-ct\/","name":"Telemundo Presenta \u2018Siempre Selena: 30 A\u00f1os De Su Muerte\u2019, Un Tributo Especial A La Reina Del Tex-Mex, Este S\u00e1bado, 29 De Marzo A Las 8pm Et\/7 Ct\/10 Pt, Y El Domingo A Las 4pm\/3 Ct - NBCUniversal Telemundo Enterprises Press Releases","isPartOf":{"@id":"https:\/\/nbcuniversalnewsgroup.com\/telemundo\/#website"},"primaryImageOfPage":{"@id":"https:\/\/nbcuniversalnewsgroup.com\/telemundo\/es\/2025\/03\/27\/telemundo-presenta-siempre-selena-30-anos-de-su-muerte-un-tributo-especial-a-la-reina-del-tex-mex-este-sabado-29-de-marzo-a-las-8pm-et-7-ct-10-pt-y-el-domingo-a-las-4pm-3-ct\/#primaryimage"},"image":{"@id":"https:\/\/nbcuniversalnewsgroup.com\/telemundo\/es\/2025\/03\/27\/telemundo-presenta-siempre-selena-30-anos-de-su-muerte-un-tributo-especial-a-la-reina-del-tex-mex-este-sabado-29-de-marzo-a-las-8pm-et-7-ct-10-pt-y-el-domingo-a-las-4pm-3-ct\/#primaryimage"},"thumbnailUrl":"https:\/\/media.muckrack.com\/pitches\/Rvlu\/images\/ss_keyart.jpg","datePublished":"2025-03-27T18:03:56+00:00","dateModified":"2025-03-27T18:04:41+00:00","breadcrumb":{"@id":"https:\/\/nbcuniversalnewsgroup.com\/telemundo\/es\/2025\/03\/27\/telemundo-presenta-siempre-selena-30-anos-de-su-muerte-un-tributo-especial-a-la-reina-del-tex-mex-este-sabado-29-de-marzo-a-las-8pm-et-7-ct-10-pt-y-el-domingo-a-las-4pm-3-ct\/#breadcrumb"},"inLanguage":"en-US","potentialAction":[{"@type":"ReadAction","target":["https:\/\/nbcuniversalnewsgroup.com\/telemundo\/es\/2025\/03\/27\/telemundo-presenta-siempre-selena-30-anos-de-su-muerte-un-tributo-especial-a-la-reina-del-tex-mex-este-sabado-29-de-marzo-a-las-8pm-et-7-ct-10-pt-y-el-domingo-a-las-4pm-3-ct\/"]}]},{"@type":"ImageObject","inLanguage":"en-US","@id":"https:\/\/nbcuniversalnewsgroup.com\/telemundo\/es\/2025\/03\/27\/telemundo-presenta-siempre-selena-30-anos-de-su-muerte-un-tributo-especial-a-la-reina-del-tex-mex-este-sabado-29-de-marzo-a-las-8pm-et-7-ct-10-pt-y-el-domingo-a-las-4pm-3-ct\/#primaryimage","url":"https:\/\/media.muckrack.com\/pitches\/Rvlu\/images\/ss_keyart.jpg","contentUrl":"https:\/\/media.muckrack.com\/pitches\/Rvlu\/images\/ss_keyart.jpg"},{"@type":"BreadcrumbList","@id":"https:\/\/nbcuniversalnewsgroup.com\/telemundo\/es\/2025\/03\/27\/telemundo-presenta-siempre-selena-30-anos-de-su-muerte-un-tributo-especial-a-la-reina-del-tex-mex-este-sabado-29-de-marzo-a-las-8pm-et-7-ct-10-pt-y-el-domingo-a-las-4pm-3-ct\/#breadcrumb","itemListElement":[{"@type":"ListItem","position":1,"name":"Home","item":"https:\/\/nbcuniversalnewsgroup.com\/telemundo\/"},{"@type":"ListItem","position":2,"name":"Telemundo Presenta \u2018Siempre Selena: 30 A\u00f1os De Su Muerte\u2019, Un Tributo Especial A La Reina Del Tex-Mex, Este S\u00e1bado, 29 De Marzo A Las 8pm Et\/7 Ct\/10 Pt, Y El Domingo A Las 4pm\/3 Ct"}]},{"@type":"WebSite","@id":"https:\/\/nbcuniversalnewsgroup.com\/telemundo\/#website","url":"https:\/\/nbcuniversalnewsgroup.com\/telemundo\/","name":"NBCUniversal Telemundo Enterprises Press Releases","description":"NBCUniversal Telemundo Enterprises leads the media industry in the production and distribution of Spanish-language entertainment, news and sports content for U.S. Hispanics and audiences around the world.","publisher":{"@id":"https:\/\/nbcuniversalnewsgroup.com\/telemundo\/#organization"},"potentialAction":[{"@type":"SearchAction","target":{"@type":"EntryPoint","urlTemplate":"https:\/\/nbcuniversalnewsgroup.com\/telemundo\/?s={search_term_string}"},"query-input":{"@type":"PropertyValueSpecification","valueRequired":true,"valueName":"search_term_string"}}],"inLanguage":"en-US"},{"@type":"Organization","@id":"https:\/\/nbcuniversalnewsgroup.com\/telemundo\/#organization","name":"NBCUniversal Telemundo Enterprises Press Releases","url":"https:\/\/nbcuniversalnewsgroup.com\/telemundo\/","logo":{"@type":"ImageObject","inLanguage":"en-US","@id":"https:\/\/nbcuniversalnewsgroup.com\/telemundo\/#\/schema\/logo\/image\/","url":"","contentUrl":"","caption":"NBCUniversal Telemundo Enterprises Press Releases"},"image":{"@id":"https:\/\/nbcuniversalnewsgroup.com\/telemundo\/#\/schema\/logo\/image\/"},"sameAs":["https:\/\/www.facebook.com\/NBCUTelemundo\/","https:\/\/x.com\/NBCUTelemundo","https:\/\/www.instagram.com\/nbcutelemundo\/","https:\/\/www.linkedin.com\/company\/nbcuniversaltelemundoenterprises","https:\/\/www.threads.net\/@nbcutelemundo"]},{"@type":"Person","@id":"https:\/\/nbcuniversalnewsgroup.com\/telemundo\/#\/schema\/person\/71375f95e907cc09385448ec02f6937f","name":"NBCUniversal News Group","image":{"@type":"ImageObject","inLanguage":"en-US","@id":"https:\/\/secure.gravatar.com\/avatar\/e10e6d3cbbefdce7f5e6bb676ab54cd85e88d8109192053eb487cc96406e49b0?s=96&d=mm&r=g","url":"https:\/\/secure.gravatar.com\/avatar\/e10e6d3cbbefdce7f5e6bb676ab54cd85e88d8109192053eb487cc96406e49b0?s=96&d=mm&r=g","contentUrl":"https:\/\/secure.gravatar.com\/avatar\/e10e6d3cbbefdce7f5e6bb676ab54cd85e88d8109192053eb487cc96406e49b0?s=96&d=mm&r=g","caption":"NBCUniversal News Group"},"url":"https:\/\/nbcuniversalnewsgroup.com\/telemundo\/author\/trasaterra\/"}]}},"jetpack_featured_media_url":"","_links":{"self":[{"href":"https:\/\/nbcuniversalnewsgroup.com\/telemundo\/wp-json\/wp\/v2\/posts\/1110","targetHints":{"allow":["GET"]}}],"collection":[{"href":"https:\/\/nbcuniversalnewsgroup.com\/telemundo\/wp-json\/wp\/v2\/posts"}],"about":[{"href":"https:\/\/nbcuniversalnewsgroup.com\/telemundo\/wp-json\/wp\/v2\/types\/post"}],"author":[{"embeddable":true,"href":"https:\/\/nbcuniversalnewsgroup.com\/telemundo\/wp-json\/wp\/v2\/users\/3"}],"replies":[{"embeddable":true,"href":"https:\/\/nbcuniversalnewsgroup.com\/telemundo\/wp-json\/wp\/v2\/comments?post=1110"}],"version-history":[{"count":0,"href":"https:\/\/nbcuniversalnewsgroup.com\/telemundo\/wp-json\/wp\/v2\/posts\/1110\/revisions"}],"wp:attachment":[{"href":"https:\/\/nbcuniversalnewsgroup.com\/telemundo\/wp-json\/wp\/v2\/media?parent=1110"}],"wp:term":[{"taxonomy":"category","embeddable":true,"href":"https:\/\/nbcuniversalnewsgroup.com\/telemundo\/wp-json\/wp\/v2\/categories?post=1110"},{"taxonomy":"post_tag","embeddable":true,"href":"https:\/\/nbcuniversalnewsgroup.com\/telemundo\/wp-json\/wp\/v2\/tags?post=1110"}],"curies":[{"name":"wp","href":"https:\/\/api.w.org\/{rel}","templated":true}]}}