{"id":1087,"date":"2025-03-26T14:55:37","date_gmt":"2025-03-26T14:55:37","guid":{"rendered":"https:\/\/nbcuniversalnewsgroup.com\/telemundo\/?p=1087"},"modified":"2025-03-27T13:22:59","modified_gmt":"2025-03-27T13:22:59","slug":"telemundo-celebra-25-anos-de-las-inolvidables-narraciones-y-coberturas-de-andres-cantor","status":"publish","type":"post","link":"https:\/\/nbcuniversalnewsgroup.com\/telemundo\/es\/2025\/03\/26\/telemundo-celebra-25-anos-de-las-inolvidables-narraciones-y-coberturas-de-andres-cantor\/","title":{"rendered":"Telemundo Celebra 25 A\u00f1os De Las Inolvidables Narraciones y Coberturas De Andr\u00e9s Cantor\u00a0"},"content":{"rendered":"\n<p><strong>La legendaria trayectoria de Cantor en Telemundo fue conmemorada durante la cobertura del partido clasificatorio Argentina vs.&nbsp;Brasil y a trav\u00e9s de la programaci\u00f3n y plataformas de Telemundo<\/strong>&nbsp;<\/p>\n\n\n\n<p><strong>La celebraci\u00f3n al aire cont\u00f3 con invitados sorpresa y mensajes de familiares, amigos y figuras del f\u00fatbol, y segmentos especiales <\/strong>&nbsp;<\/p>\n\n\n\n<p><strong>MIAMI, Florida \u2013 26 de marzo de 2025 \u2013 <\/strong>Telemundo celebr\u00f3 el 25\u00ba aniversario del legendario comentarista deportivo Andr\u00e9s Cantor con un homenaje especial al aire durante la transmisi\u00f3n en vivo del partido clasificatorio rumbo a la Copa Mundial de la FIFA entre Argentina y Brasil, el pasado 25 de marzo. Este 1 de abril marca oficialmente los 25 a\u00f1os de Cantor en Telemundo, un hito que reconoce sus incomparables aportes a la industria deportiva.&nbsp;<\/p>\n\n\n\n<p>Ampliamente reconocido como una de las voces m\u00e1s influyentes del f\u00fatbol, Cantor ha transformado la forma en que millones de fan\u00e1ticos viven el deporte en Estados Unidos y Am\u00e9rica Latina. Su voz inconfundible, su pasi\u00f3n para contar historias y su ic\u00f3nico \u201c\u00a1GOOOOL!\u201d lo han convertido en un referente con ocho premios Emmy y un lugar en el Sal\u00f3n de la Fama del F\u00fatbol de EE.UU.&nbsp;<\/p>\n\n\n\n<p>\u201cAndr\u00e9s ha dejado una huella importante en el mundo del deporte, y durante los \u00faltimos 25 a\u00f1os ha sido el rostro y la voz de nuestra cobertura futbol\u00edstica, brindando momentos inolvidables a nuestra audiencia con su pasi\u00f3n, conocimiento y su inconfundible gol\u201d, dijo Joaqu\u00edn Dur\u00f3, vicepresidente ejecutivo de deportes de Telemundo. \u201cAgradecemos profundamente su dedicaci\u00f3n y esperamos seguir creando muchos m\u00e1s recuerdos juntos, especialmente rumbo a esta hist\u00f3rica Copa Mundial de la FIFA 2026.\u201d&nbsp;<\/p>\n\n\n\n<p>Desde que se uni\u00f3 a Telemundo en 2000,&nbsp;Cantor ha sido una figura clave en la cobertura de los eventos deportivos m\u00e1s importantes de la cadena, desde Copas Mundiales de la FIFA hasta Juegos Ol\u00edmpicos. Actualmente se desempe\u00f1a como uno de los principales comentaristas de f\u00fatbol de la cadena para la Premier League, la Selecci\u00f3n de Estados Unidos, todos los eventos FIFA y las Eliminatorias Sudamericanas de la CONMEBOL. Tambi\u00e9n ha sido fundamental en la cobertura de los Juegos Ol\u00edmpicos y marc\u00f3 historia como narrador principal y presentador en la cobertura exclusiva en espa\u00f1ol de Telemundo de FIFA, especialmente con su ic\u00f3nica narraci\u00f3n del gol en la final de la Copa Mundial de la FIFA Catar 2022\u2122.&nbsp;<\/p>\n\n\n\n<p>\u201cEstoy eternamente agradecido con Telemundo y NBC por darme el mejor asiento en la casa de los eventos deportivos m\u00e1s importantes del \u00faltimo cuarto de siglo y la oportunidad de compartir mi pasi\u00f3n con nuestra audiencia\u201d, coment\u00f3 Cantor. \u201cEl camino contin\u00faa y me emociona seguir siendo parte importante de equipo y de lo que va a ser una hist\u00f3rica Copa Mundial de la FIFA 2026.\u201d&nbsp;<\/p>\n\n\n\n<p>Para conmemorar su legado, Telemundo present\u00f3 un homenaje especial durante la transmisi\u00f3n del Argentina vs. Brasil, destacando los momentos m\u00e1s inolvidables de su carrera con invitados sorpresa y mensajes de familiares, amigos y figuras del f\u00fatbol. El equipo de comentaristas de Telemundo Deportes se uni\u00f3 a la celebraci\u00f3n sorprendiendo a Cantor en el estudio durante el programa previo y el medio tiempo del partido.&nbsp;<\/p>\n\n\n\n<p>La celebraci\u00f3n se extendi\u00f3 m\u00e1s all\u00e1 del clasificatorio y se vivi\u00f3 en todas las plataformas, con segmentos especiales en los programas de noticias y entretenimiento que rindieron homenaje a la carrera de Cantor. &nbsp;<\/p>\n\n\n\n<p><strong>Los 10 momentos m\u00e1s memorables de Andr\u00e9s Cantor en sus 25 a\u00f1os en Telemundo:<\/strong>&nbsp;<\/p>\n\n\n\n<ol start=\"1\" class=\"wp-block-list\">\n<li>2000 \u2013 Primera narraci\u00f3n de Juegos Ol\u00edmpicos en ingl\u00e9s\u00a0<\/li>\n<\/ol>\n\n\n\n<ol start=\"2\" class=\"wp-block-list\">\n<li>2001 \u2013 Lanzamiento de <em>Rumbo al Mundial M\u00e9xico<\/em>\u00a0<\/li>\n<\/ol>\n\n\n\n<ol start=\"3\" class=\"wp-block-list\">\n<li>2004 \u2013 Primera cobertura ol\u00edmpica de Telemundo\u00a0<\/li>\n<\/ol>\n\n\n\n<ol start=\"4\" class=\"wp-block-list\">\n<li>2012 \u2013 Medalla de oro hist\u00f3rica de M\u00e9xico en los Juegos Ol\u00edmpicos de Londres\u00a0<\/li>\n<\/ol>\n\n\n\n<ol start=\"5\" class=\"wp-block-list\">\n<li>2013 \u2013 Promoci\u00f3n de la Premier League junto a Will Ferrell\u00a0<\/li>\n<\/ol>\n\n\n\n<ol start=\"6\" class=\"wp-block-list\">\n<li>2014 \u2013 Aparici\u00f3n en el episodio de f\u00fatbol de <em>Los Simpsons<\/em>\u00a0<\/li>\n<\/ol>\n\n\n\n<ol start=\"7\" class=\"wp-block-list\">\n<li>2015 \u2013 Narraci\u00f3n del hat-trick de Carli Lloyd en la final del Mundial Femenino\u00a0<\/li>\n<\/ol>\n\n\n\n<ol start=\"8\" class=\"wp-block-list\">\n<li>2016 \u2013 Entrevista exclusiva con el presidente de la FIFA, Gianni Infantino, en Paraguay\u00a0<\/li>\n<\/ol>\n\n\n\n<ol start=\"9\" class=\"wp-block-list\">\n<li>2022 \u2013 Narraci\u00f3n hist\u00f3rica y viral del gol en la final de la Copa Mundial de la FIFA en Catar\u00a0<\/li>\n<\/ol>\n\n\n\n<ol start=\"10\" class=\"wp-block-list\">\n<li>2024 \u2013 Cobertura especial de los Juegos Ol\u00edmpicos junto a Snoop Dogg\u00a0<\/li>\n<\/ol>\n\n\n\n<figure class=\"wp-block-video\"><video height=\"1080\" style=\"aspect-ratio: 864 \/ 1080;\" width=\"864\" controls src=\"https:\/\/nbcuniversalnewsgroup.com\/telemundo\/wp-content\/uploads\/sites\/7\/2025\/03\/COLD-OPEN-4X5-MIX-ENG-SUBS-2.mp4\"><\/video><\/figure>\n\n\n\n<p>###&nbsp;<\/p>\n\n\n\n<p><strong>Acerca de NBCUniversal Telemundo Enterprises:\u202f<\/strong>\u202f\u202f\u202f&nbsp;<\/p>\n\n\n\n<p>NBCUniversal Telemundo Enterprises lidera la industria de los medios en la producci\u00f3n y distribuci\u00f3n de contenido en espa\u00f1ol para los hispanos de Estados Unidos y audiencias del mundo entero. La compa\u00f1\u00eda sirve a los hispanos de Estados Unidos a trav\u00e9s de su cadena nacional de televisi\u00f3n, la cadena de cable Universo, y plataformas digitales que incluyen la aplicaci\u00f3n Telemundo, una suite de canales FAST, y servicios de streaming, como Peacock, entre otros. La cadena Telemundo ofrece entretenimiento, noticias y deportes en espa\u00f1ol que llegan al 95% de los hogares hispanos de Estados Unidos en 210 mercados, a trav\u00e9s de 30 emisoras propias y 91 estaciones afiliadas. Telemundo tambi\u00e9n es propietaria de una emisora independiente en Puerto Rico. Gracias a Telemundo Studios, la cadena es la productora n\u00famero uno de contenidos de ficci\u00f3n en espa\u00f1ol en Estados Unidos, y la \u00fanica cadena que produce contenido original espec\u00edficamente para audiencias hispanas en Estados Unidos. Ofreciendo m\u00e1s de 600 horas de programas de reality al a\u00f1o, y especiales en vivo de mayor audiencia como los Premios Billboard de la M\u00fasica Latina y Miss Universo, Telemundo es considerada la casa indiscutible de la televisi\u00f3n en vivo de los medios hispanos. La cadena es tambi\u00e9n el hogar exclusivo en espa\u00f1ol de los dos eventos deportivos m\u00e1s populares del mundo, la Copa Mundial de la FIFA y los Juegos Ol\u00edmpicos. NBCUniversal Telemundo Enterprises es una divisi\u00f3n de NBCUniversal, una subsidiaria de Comcast Corporation.&nbsp;&nbsp;<\/p>\n\n\n\n<p><strong>Contactos de Prensa:<\/strong>\u202f\u202f&nbsp;<\/p>\n\n\n\n<p>Eva Mejicanos; <a href=\"mailto:Eva.Mejicanos@nbcuni.com\" target=\"_blank\" rel=\"noreferrer noopener\">Eva.Mejicanos@nbcuni.com<\/a>; (786) 459-4057&nbsp;<\/p>\n","protected":false},"excerpt":{"rendered":"<p>La legendaria trayectoria de Cantor en Telemundo fue conmemorada durante la cobertura del partido clasificatorio Argentina vs.&nbsp;Brasil y a trav\u00e9s de la programaci\u00f3n y plataformas de Telemundo&nbsp; La celebraci\u00f3n al aire cont\u00f3 con invitados sorpresa y mensajes de familiares, amigos y figuras del f\u00fatbol, y segmentos especiales &nbsp; MIAMI, Florida \u2013 26 de marzo de [&#8230;]<\/p>\n<p><a class=\"btn btn-secondary understrap-read-more-link\" href=\"https:\/\/nbcuniversalnewsgroup.com\/telemundo\/es\/2025\/03\/26\/telemundo-celebra-25-anos-de-las-inolvidables-narraciones-y-coberturas-de-andres-cantor\/\">Read More&#8230;<span class=\"screen-reader-text\"> from Telemundo Celebra 25 A\u00f1os De Las Inolvidables Narraciones y Coberturas De Andr\u00e9s Cantor\u00a0<\/span><\/a><\/p>\n","protected":false},"author":3,"featured_media":1084,"comment_status":"open","ping_status":"open","sticky":false,"template":"","format":"standard","meta":{"jetpack_post_was_ever_published":false,"footnotes":""},"categories":[3],"tags":[],"class_list":["post-1087","post","type-post","status-publish","format-standard","has-post-thumbnail","hentry","category-telemundo-deportes"],"yoast_head":"<!-- This site is optimized with the Yoast SEO plugin v27.5 - https:\/\/yoast.com\/product\/yoast-seo-wordpress\/ -->\n<title>Telemundo Celebra 25 A\u00f1os De Las Inolvidables Narraciones y Coberturas De Andr\u00e9s Cantor\u00a0 - NBCUniversal Telemundo Enterprises Press Releases<\/title>\n<meta name=\"robots\" content=\"index, follow, max-snippet:-1, max-image-preview:large, max-video-preview:-1\" \/>\n<link rel=\"canonical\" href=\"https:\/\/nbcuniversalnewsgroup.com\/telemundo\/es\/2025\/03\/26\/telemundo-celebra-25-anos-de-las-inolvidables-narraciones-y-coberturas-de-andres-cantor\/\" \/>\n<meta property=\"og:locale\" content=\"en_US\" \/>\n<meta property=\"og:type\" content=\"article\" \/>\n<meta property=\"og:title\" content=\"Telemundo Celebra 25 A\u00f1os De Las Inolvidables Narraciones y Coberturas De Andr\u00e9s Cantor\u00a0 - NBCUniversal Telemundo Enterprises Press Releases\" \/>\n<meta property=\"og:description\" content=\"La legendaria trayectoria de Cantor en Telemundo fue conmemorada durante la cobertura del partido clasificatorio Argentina vs.&nbsp;Brasil y a trav\u00e9s de la programaci\u00f3n y plataformas de Telemundo&nbsp; La celebraci\u00f3n al aire cont\u00f3 con invitados sorpresa y mensajes de familiares, amigos y figuras del f\u00fatbol, y segmentos especiales &nbsp; MIAMI, Florida \u2013 26 de marzo de [...]Read More... from Telemundo Celebra 25 A\u00f1os De Las Inolvidables Narraciones y Coberturas De Andr\u00e9s Cantor\u00a0\" \/>\n<meta property=\"og:url\" content=\"https:\/\/nbcuniversalnewsgroup.com\/telemundo\/es\/2025\/03\/26\/telemundo-celebra-25-anos-de-las-inolvidables-narraciones-y-coberturas-de-andres-cantor\/\" \/>\n<meta property=\"og:site_name\" content=\"NBCUniversal Telemundo Enterprises Press Releases\" \/>\n<meta property=\"article:publisher\" content=\"https:\/\/www.facebook.com\/NBCUTelemundo\/\" \/>\n<meta property=\"article:published_time\" content=\"2025-03-26T14:55:37+00:00\" \/>\n<meta property=\"article:modified_time\" content=\"2025-03-27T13:22:59+00:00\" \/>\n<meta property=\"og:image\" content=\"https:\/\/nbcuniversalnewsgroup.com\/telemundo\/wp-content\/uploads\/sites\/7\/2025\/03\/SP_ANDRES_CANTOR_25_1920x1080.png\" \/>\n\t<meta property=\"og:image:width\" content=\"960\" \/>\n\t<meta property=\"og:image:height\" content=\"540\" \/>\n\t<meta property=\"og:image:type\" content=\"image\/png\" \/>\n<meta name=\"author\" content=\"NBCUniversal News Group\" \/>\n<meta name=\"twitter:card\" content=\"summary_large_image\" \/>\n<meta name=\"twitter:creator\" content=\"@NBCUTelemundo\" \/>\n<meta name=\"twitter:site\" content=\"@NBCUTelemundo\" \/>\n<meta name=\"twitter:label1\" content=\"Written by\" \/>\n\t<meta name=\"twitter:data1\" content=\"NBCUniversal News Group\" \/>\n\t<meta name=\"twitter:label2\" content=\"Est. reading time\" \/>\n\t<meta name=\"twitter:data2\" content=\"5 minutes\" \/>\n<script type=\"application\/ld+json\" class=\"yoast-schema-graph\">{\"@context\":\"https:\\\/\\\/schema.org\",\"@graph\":[{\"@type\":\"Article\",\"@id\":\"https:\\\/\\\/nbcuniversalnewsgroup.com\\\/telemundo\\\/es\\\/2025\\\/03\\\/26\\\/telemundo-celebra-25-anos-de-las-inolvidables-narraciones-y-coberturas-de-andres-cantor\\\/#article\",\"isPartOf\":{\"@id\":\"https:\\\/\\\/nbcuniversalnewsgroup.com\\\/telemundo\\\/es\\\/2025\\\/03\\\/26\\\/telemundo-celebra-25-anos-de-las-inolvidables-narraciones-y-coberturas-de-andres-cantor\\\/\"},\"author\":{\"name\":\"NBCUniversal News Group\",\"@id\":\"https:\\\/\\\/nbcuniversalnewsgroup.com\\\/telemundo\\\/#\\\/schema\\\/person\\\/71375f95e907cc09385448ec02f6937f\"},\"headline\":\"Telemundo Celebra 25 A\u00f1os De Las Inolvidables Narraciones y Coberturas De Andr\u00e9s Cantor\u00a0\",\"datePublished\":\"2025-03-26T14:55:37+00:00\",\"dateModified\":\"2025-03-27T13:22:59+00:00\",\"mainEntityOfPage\":{\"@id\":\"https:\\\/\\\/nbcuniversalnewsgroup.com\\\/telemundo\\\/es\\\/2025\\\/03\\\/26\\\/telemundo-celebra-25-anos-de-las-inolvidables-narraciones-y-coberturas-de-andres-cantor\\\/\"},\"wordCount\":1004,\"commentCount\":0,\"publisher\":{\"@id\":\"https:\\\/\\\/nbcuniversalnewsgroup.com\\\/telemundo\\\/#organization\"},\"image\":{\"@id\":\"https:\\\/\\\/nbcuniversalnewsgroup.com\\\/telemundo\\\/es\\\/2025\\\/03\\\/26\\\/telemundo-celebra-25-anos-de-las-inolvidables-narraciones-y-coberturas-de-andres-cantor\\\/#primaryimage\"},\"thumbnailUrl\":\"https:\\\/\\\/i0.wp.com\\\/nbcuniversalnewsgroup.com\\\/telemundo\\\/wp-content\\\/uploads\\\/sites\\\/7\\\/2025\\\/03\\\/SP_ANDRES_CANTOR_25_1920x1080.png?fit=960%2C540&ssl=1\",\"articleSection\":[\"Telemundo Deportes\"],\"inLanguage\":\"en-US\"},{\"@type\":\"WebPage\",\"@id\":\"https:\\\/\\\/nbcuniversalnewsgroup.com\\\/telemundo\\\/es\\\/2025\\\/03\\\/26\\\/telemundo-celebra-25-anos-de-las-inolvidables-narraciones-y-coberturas-de-andres-cantor\\\/\",\"url\":\"https:\\\/\\\/nbcuniversalnewsgroup.com\\\/telemundo\\\/es\\\/2025\\\/03\\\/26\\\/telemundo-celebra-25-anos-de-las-inolvidables-narraciones-y-coberturas-de-andres-cantor\\\/\",\"name\":\"Telemundo Celebra 25 A\u00f1os De Las Inolvidables Narraciones y Coberturas De Andr\u00e9s Cantor\u00a0 - NBCUniversal Telemundo Enterprises Press Releases\",\"isPartOf\":{\"@id\":\"https:\\\/\\\/nbcuniversalnewsgroup.com\\\/telemundo\\\/#website\"},\"primaryImageOfPage\":{\"@id\":\"https:\\\/\\\/nbcuniversalnewsgroup.com\\\/telemundo\\\/es\\\/2025\\\/03\\\/26\\\/telemundo-celebra-25-anos-de-las-inolvidables-narraciones-y-coberturas-de-andres-cantor\\\/#primaryimage\"},\"image\":{\"@id\":\"https:\\\/\\\/nbcuniversalnewsgroup.com\\\/telemundo\\\/es\\\/2025\\\/03\\\/26\\\/telemundo-celebra-25-anos-de-las-inolvidables-narraciones-y-coberturas-de-andres-cantor\\\/#primaryimage\"},\"thumbnailUrl\":\"https:\\\/\\\/i0.wp.com\\\/nbcuniversalnewsgroup.com\\\/telemundo\\\/wp-content\\\/uploads\\\/sites\\\/7\\\/2025\\\/03\\\/SP_ANDRES_CANTOR_25_1920x1080.png?fit=960%2C540&ssl=1\",\"datePublished\":\"2025-03-26T14:55:37+00:00\",\"dateModified\":\"2025-03-27T13:22:59+00:00\",\"breadcrumb\":{\"@id\":\"https:\\\/\\\/nbcuniversalnewsgroup.com\\\/telemundo\\\/es\\\/2025\\\/03\\\/26\\\/telemundo-celebra-25-anos-de-las-inolvidables-narraciones-y-coberturas-de-andres-cantor\\\/#breadcrumb\"},\"inLanguage\":\"en-US\",\"potentialAction\":[{\"@type\":\"ReadAction\",\"target\":[\"https:\\\/\\\/nbcuniversalnewsgroup.com\\\/telemundo\\\/es\\\/2025\\\/03\\\/26\\\/telemundo-celebra-25-anos-de-las-inolvidables-narraciones-y-coberturas-de-andres-cantor\\\/\"]}]},{\"@type\":\"ImageObject\",\"inLanguage\":\"en-US\",\"@id\":\"https:\\\/\\\/nbcuniversalnewsgroup.com\\\/telemundo\\\/es\\\/2025\\\/03\\\/26\\\/telemundo-celebra-25-anos-de-las-inolvidables-narraciones-y-coberturas-de-andres-cantor\\\/#primaryimage\",\"url\":\"https:\\\/\\\/i0.wp.com\\\/nbcuniversalnewsgroup.com\\\/telemundo\\\/wp-content\\\/uploads\\\/sites\\\/7\\\/2025\\\/03\\\/SP_ANDRES_CANTOR_25_1920x1080.png?fit=960%2C540&ssl=1\",\"contentUrl\":\"https:\\\/\\\/i0.wp.com\\\/nbcuniversalnewsgroup.com\\\/telemundo\\\/wp-content\\\/uploads\\\/sites\\\/7\\\/2025\\\/03\\\/SP_ANDRES_CANTOR_25_1920x1080.png?fit=960%2C540&ssl=1\",\"width\":960,\"height\":540},{\"@type\":\"BreadcrumbList\",\"@id\":\"https:\\\/\\\/nbcuniversalnewsgroup.com\\\/telemundo\\\/es\\\/2025\\\/03\\\/26\\\/telemundo-celebra-25-anos-de-las-inolvidables-narraciones-y-coberturas-de-andres-cantor\\\/#breadcrumb\",\"itemListElement\":[{\"@type\":\"ListItem\",\"position\":1,\"name\":\"Home\",\"item\":\"https:\\\/\\\/nbcuniversalnewsgroup.com\\\/telemundo\\\/\"},{\"@type\":\"ListItem\",\"position\":2,\"name\":\"Telemundo Celebra 25 A\u00f1os De Las Inolvidables Narraciones y Coberturas De Andr\u00e9s Cantor\u00a0\"}]},{\"@type\":\"WebSite\",\"@id\":\"https:\\\/\\\/nbcuniversalnewsgroup.com\\\/telemundo\\\/#website\",\"url\":\"https:\\\/\\\/nbcuniversalnewsgroup.com\\\/telemundo\\\/\",\"name\":\"NBCUniversal Telemundo Enterprises Press Releases\",\"description\":\"NBCUniversal Telemundo Enterprises leads the media industry in the production and distribution of Spanish-language entertainment, news and sports content for U.S. Hispanics and audiences around the world.\",\"publisher\":{\"@id\":\"https:\\\/\\\/nbcuniversalnewsgroup.com\\\/telemundo\\\/#organization\"},\"potentialAction\":[{\"@type\":\"SearchAction\",\"target\":{\"@type\":\"EntryPoint\",\"urlTemplate\":\"https:\\\/\\\/nbcuniversalnewsgroup.com\\\/telemundo\\\/?s={search_term_string}\"},\"query-input\":{\"@type\":\"PropertyValueSpecification\",\"valueRequired\":true,\"valueName\":\"search_term_string\"}}],\"inLanguage\":\"en-US\"},{\"@type\":\"Organization\",\"@id\":\"https:\\\/\\\/nbcuniversalnewsgroup.com\\\/telemundo\\\/#organization\",\"name\":\"NBCUniversal Telemundo Enterprises Press Releases\",\"url\":\"https:\\\/\\\/nbcuniversalnewsgroup.com\\\/telemundo\\\/\",\"logo\":{\"@type\":\"ImageObject\",\"inLanguage\":\"en-US\",\"@id\":\"https:\\\/\\\/nbcuniversalnewsgroup.com\\\/telemundo\\\/#\\\/schema\\\/logo\\\/image\\\/\",\"url\":\"\",\"contentUrl\":\"\",\"caption\":\"NBCUniversal Telemundo Enterprises Press Releases\"},\"image\":{\"@id\":\"https:\\\/\\\/nbcuniversalnewsgroup.com\\\/telemundo\\\/#\\\/schema\\\/logo\\\/image\\\/\"},\"sameAs\":[\"https:\\\/\\\/www.facebook.com\\\/NBCUTelemundo\\\/\",\"https:\\\/\\\/x.com\\\/NBCUTelemundo\",\"https:\\\/\\\/www.instagram.com\\\/nbcutelemundo\\\/\",\"https:\\\/\\\/www.linkedin.com\\\/company\\\/nbcuniversaltelemundoenterprises\",\"https:\\\/\\\/www.threads.net\\\/@nbcutelemundo\"]},{\"@type\":\"Person\",\"@id\":\"https:\\\/\\\/nbcuniversalnewsgroup.com\\\/telemundo\\\/#\\\/schema\\\/person\\\/71375f95e907cc09385448ec02f6937f\",\"name\":\"NBCUniversal News Group\",\"image\":{\"@type\":\"ImageObject\",\"inLanguage\":\"en-US\",\"@id\":\"https:\\\/\\\/secure.gravatar.com\\\/avatar\\\/e10e6d3cbbefdce7f5e6bb676ab54cd85e88d8109192053eb487cc96406e49b0?s=96&d=mm&r=g\",\"url\":\"https:\\\/\\\/secure.gravatar.com\\\/avatar\\\/e10e6d3cbbefdce7f5e6bb676ab54cd85e88d8109192053eb487cc96406e49b0?s=96&d=mm&r=g\",\"contentUrl\":\"https:\\\/\\\/secure.gravatar.com\\\/avatar\\\/e10e6d3cbbefdce7f5e6bb676ab54cd85e88d8109192053eb487cc96406e49b0?s=96&d=mm&r=g\",\"caption\":\"NBCUniversal News Group\"},\"url\":\"https:\\\/\\\/nbcuniversalnewsgroup.com\\\/telemundo\\\/author\\\/trasaterra\\\/\"}]}<\/script>\n<!-- \/ Yoast SEO plugin. -->","yoast_head_json":{"title":"Telemundo Celebra 25 A\u00f1os De Las Inolvidables Narraciones y Coberturas De Andr\u00e9s Cantor\u00a0 - NBCUniversal Telemundo Enterprises Press Releases","robots":{"index":"index","follow":"follow","max-snippet":"max-snippet:-1","max-image-preview":"max-image-preview:large","max-video-preview":"max-video-preview:-1"},"canonical":"https:\/\/nbcuniversalnewsgroup.com\/telemundo\/es\/2025\/03\/26\/telemundo-celebra-25-anos-de-las-inolvidables-narraciones-y-coberturas-de-andres-cantor\/","og_locale":"en_US","og_type":"article","og_title":"Telemundo Celebra 25 A\u00f1os De Las Inolvidables Narraciones y Coberturas De Andr\u00e9s Cantor\u00a0 - NBCUniversal Telemundo Enterprises Press Releases","og_description":"La legendaria trayectoria de Cantor en Telemundo fue conmemorada durante la cobertura del partido clasificatorio Argentina vs.&nbsp;Brasil y a trav\u00e9s de la programaci\u00f3n y plataformas de Telemundo&nbsp; La celebraci\u00f3n al aire cont\u00f3 con invitados sorpresa y mensajes de familiares, amigos y figuras del f\u00fatbol, y segmentos especiales &nbsp; MIAMI, Florida \u2013 26 de marzo de [...]Read More... from Telemundo Celebra 25 A\u00f1os De Las Inolvidables Narraciones y Coberturas De Andr\u00e9s Cantor\u00a0","og_url":"https:\/\/nbcuniversalnewsgroup.com\/telemundo\/es\/2025\/03\/26\/telemundo-celebra-25-anos-de-las-inolvidables-narraciones-y-coberturas-de-andres-cantor\/","og_site_name":"NBCUniversal Telemundo Enterprises Press Releases","article_publisher":"https:\/\/www.facebook.com\/NBCUTelemundo\/","article_published_time":"2025-03-26T14:55:37+00:00","article_modified_time":"2025-03-27T13:22:59+00:00","og_image":[{"width":960,"height":540,"url":"https:\/\/nbcuniversalnewsgroup.com\/telemundo\/wp-content\/uploads\/sites\/7\/2025\/03\/SP_ANDRES_CANTOR_25_1920x1080.png","type":"image\/png"}],"author":"NBCUniversal News Group","twitter_card":"summary_large_image","twitter_creator":"@NBCUTelemundo","twitter_site":"@NBCUTelemundo","twitter_misc":{"Written by":"NBCUniversal News Group","Est. reading time":"5 minutes"},"schema":{"@context":"https:\/\/schema.org","@graph":[{"@type":"Article","@id":"https:\/\/nbcuniversalnewsgroup.com\/telemundo\/es\/2025\/03\/26\/telemundo-celebra-25-anos-de-las-inolvidables-narraciones-y-coberturas-de-andres-cantor\/#article","isPartOf":{"@id":"https:\/\/nbcuniversalnewsgroup.com\/telemundo\/es\/2025\/03\/26\/telemundo-celebra-25-anos-de-las-inolvidables-narraciones-y-coberturas-de-andres-cantor\/"},"author":{"name":"NBCUniversal News Group","@id":"https:\/\/nbcuniversalnewsgroup.com\/telemundo\/#\/schema\/person\/71375f95e907cc09385448ec02f6937f"},"headline":"Telemundo Celebra 25 A\u00f1os De Las Inolvidables Narraciones y Coberturas De Andr\u00e9s Cantor\u00a0","datePublished":"2025-03-26T14:55:37+00:00","dateModified":"2025-03-27T13:22:59+00:00","mainEntityOfPage":{"@id":"https:\/\/nbcuniversalnewsgroup.com\/telemundo\/es\/2025\/03\/26\/telemundo-celebra-25-anos-de-las-inolvidables-narraciones-y-coberturas-de-andres-cantor\/"},"wordCount":1004,"commentCount":0,"publisher":{"@id":"https:\/\/nbcuniversalnewsgroup.com\/telemundo\/#organization"},"image":{"@id":"https:\/\/nbcuniversalnewsgroup.com\/telemundo\/es\/2025\/03\/26\/telemundo-celebra-25-anos-de-las-inolvidables-narraciones-y-coberturas-de-andres-cantor\/#primaryimage"},"thumbnailUrl":"https:\/\/i0.wp.com\/nbcuniversalnewsgroup.com\/telemundo\/wp-content\/uploads\/sites\/7\/2025\/03\/SP_ANDRES_CANTOR_25_1920x1080.png?fit=960%2C540&ssl=1","articleSection":["Telemundo Deportes"],"inLanguage":"en-US"},{"@type":"WebPage","@id":"https:\/\/nbcuniversalnewsgroup.com\/telemundo\/es\/2025\/03\/26\/telemundo-celebra-25-anos-de-las-inolvidables-narraciones-y-coberturas-de-andres-cantor\/","url":"https:\/\/nbcuniversalnewsgroup.com\/telemundo\/es\/2025\/03\/26\/telemundo-celebra-25-anos-de-las-inolvidables-narraciones-y-coberturas-de-andres-cantor\/","name":"Telemundo Celebra 25 A\u00f1os De Las Inolvidables Narraciones y Coberturas De Andr\u00e9s Cantor\u00a0 - NBCUniversal Telemundo Enterprises Press Releases","isPartOf":{"@id":"https:\/\/nbcuniversalnewsgroup.com\/telemundo\/#website"},"primaryImageOfPage":{"@id":"https:\/\/nbcuniversalnewsgroup.com\/telemundo\/es\/2025\/03\/26\/telemundo-celebra-25-anos-de-las-inolvidables-narraciones-y-coberturas-de-andres-cantor\/#primaryimage"},"image":{"@id":"https:\/\/nbcuniversalnewsgroup.com\/telemundo\/es\/2025\/03\/26\/telemundo-celebra-25-anos-de-las-inolvidables-narraciones-y-coberturas-de-andres-cantor\/#primaryimage"},"thumbnailUrl":"https:\/\/i0.wp.com\/nbcuniversalnewsgroup.com\/telemundo\/wp-content\/uploads\/sites\/7\/2025\/03\/SP_ANDRES_CANTOR_25_1920x1080.png?fit=960%2C540&ssl=1","datePublished":"2025-03-26T14:55:37+00:00","dateModified":"2025-03-27T13:22:59+00:00","breadcrumb":{"@id":"https:\/\/nbcuniversalnewsgroup.com\/telemundo\/es\/2025\/03\/26\/telemundo-celebra-25-anos-de-las-inolvidables-narraciones-y-coberturas-de-andres-cantor\/#breadcrumb"},"inLanguage":"en-US","potentialAction":[{"@type":"ReadAction","target":["https:\/\/nbcuniversalnewsgroup.com\/telemundo\/es\/2025\/03\/26\/telemundo-celebra-25-anos-de-las-inolvidables-narraciones-y-coberturas-de-andres-cantor\/"]}]},{"@type":"ImageObject","inLanguage":"en-US","@id":"https:\/\/nbcuniversalnewsgroup.com\/telemundo\/es\/2025\/03\/26\/telemundo-celebra-25-anos-de-las-inolvidables-narraciones-y-coberturas-de-andres-cantor\/#primaryimage","url":"https:\/\/i0.wp.com\/nbcuniversalnewsgroup.com\/telemundo\/wp-content\/uploads\/sites\/7\/2025\/03\/SP_ANDRES_CANTOR_25_1920x1080.png?fit=960%2C540&ssl=1","contentUrl":"https:\/\/i0.wp.com\/nbcuniversalnewsgroup.com\/telemundo\/wp-content\/uploads\/sites\/7\/2025\/03\/SP_ANDRES_CANTOR_25_1920x1080.png?fit=960%2C540&ssl=1","width":960,"height":540},{"@type":"BreadcrumbList","@id":"https:\/\/nbcuniversalnewsgroup.com\/telemundo\/es\/2025\/03\/26\/telemundo-celebra-25-anos-de-las-inolvidables-narraciones-y-coberturas-de-andres-cantor\/#breadcrumb","itemListElement":[{"@type":"ListItem","position":1,"name":"Home","item":"https:\/\/nbcuniversalnewsgroup.com\/telemundo\/"},{"@type":"ListItem","position":2,"name":"Telemundo Celebra 25 A\u00f1os De Las Inolvidables Narraciones y Coberturas De Andr\u00e9s Cantor\u00a0"}]},{"@type":"WebSite","@id":"https:\/\/nbcuniversalnewsgroup.com\/telemundo\/#website","url":"https:\/\/nbcuniversalnewsgroup.com\/telemundo\/","name":"NBCUniversal Telemundo Enterprises Press Releases","description":"NBCUniversal Telemundo Enterprises leads the media industry in the production and distribution of Spanish-language entertainment, news and sports content for U.S. Hispanics and audiences around the world.","publisher":{"@id":"https:\/\/nbcuniversalnewsgroup.com\/telemundo\/#organization"},"potentialAction":[{"@type":"SearchAction","target":{"@type":"EntryPoint","urlTemplate":"https:\/\/nbcuniversalnewsgroup.com\/telemundo\/?s={search_term_string}"},"query-input":{"@type":"PropertyValueSpecification","valueRequired":true,"valueName":"search_term_string"}}],"inLanguage":"en-US"},{"@type":"Organization","@id":"https:\/\/nbcuniversalnewsgroup.com\/telemundo\/#organization","name":"NBCUniversal Telemundo Enterprises Press Releases","url":"https:\/\/nbcuniversalnewsgroup.com\/telemundo\/","logo":{"@type":"ImageObject","inLanguage":"en-US","@id":"https:\/\/nbcuniversalnewsgroup.com\/telemundo\/#\/schema\/logo\/image\/","url":"","contentUrl":"","caption":"NBCUniversal Telemundo Enterprises Press Releases"},"image":{"@id":"https:\/\/nbcuniversalnewsgroup.com\/telemundo\/#\/schema\/logo\/image\/"},"sameAs":["https:\/\/www.facebook.com\/NBCUTelemundo\/","https:\/\/x.com\/NBCUTelemundo","https:\/\/www.instagram.com\/nbcutelemundo\/","https:\/\/www.linkedin.com\/company\/nbcuniversaltelemundoenterprises","https:\/\/www.threads.net\/@nbcutelemundo"]},{"@type":"Person","@id":"https:\/\/nbcuniversalnewsgroup.com\/telemundo\/#\/schema\/person\/71375f95e907cc09385448ec02f6937f","name":"NBCUniversal News Group","image":{"@type":"ImageObject","inLanguage":"en-US","@id":"https:\/\/secure.gravatar.com\/avatar\/e10e6d3cbbefdce7f5e6bb676ab54cd85e88d8109192053eb487cc96406e49b0?s=96&d=mm&r=g","url":"https:\/\/secure.gravatar.com\/avatar\/e10e6d3cbbefdce7f5e6bb676ab54cd85e88d8109192053eb487cc96406e49b0?s=96&d=mm&r=g","contentUrl":"https:\/\/secure.gravatar.com\/avatar\/e10e6d3cbbefdce7f5e6bb676ab54cd85e88d8109192053eb487cc96406e49b0?s=96&d=mm&r=g","caption":"NBCUniversal News Group"},"url":"https:\/\/nbcuniversalnewsgroup.com\/telemundo\/author\/trasaterra\/"}]}},"jetpack_featured_media_url":"https:\/\/i0.wp.com\/nbcuniversalnewsgroup.com\/telemundo\/wp-content\/uploads\/sites\/7\/2025\/03\/SP_ANDRES_CANTOR_25_1920x1080.png?fit=960%2C540&ssl=1","_links":{"self":[{"href":"https:\/\/nbcuniversalnewsgroup.com\/telemundo\/wp-json\/wp\/v2\/posts\/1087","targetHints":{"allow":["GET"]}}],"collection":[{"href":"https:\/\/nbcuniversalnewsgroup.com\/telemundo\/wp-json\/wp\/v2\/posts"}],"about":[{"href":"https:\/\/nbcuniversalnewsgroup.com\/telemundo\/wp-json\/wp\/v2\/types\/post"}],"author":[{"embeddable":true,"href":"https:\/\/nbcuniversalnewsgroup.com\/telemundo\/wp-json\/wp\/v2\/users\/3"}],"replies":[{"embeddable":true,"href":"https:\/\/nbcuniversalnewsgroup.com\/telemundo\/wp-json\/wp\/v2\/comments?post=1087"}],"version-history":[{"count":0,"href":"https:\/\/nbcuniversalnewsgroup.com\/telemundo\/wp-json\/wp\/v2\/posts\/1087\/revisions"}],"wp:featuredmedia":[{"embeddable":true,"href":"https:\/\/nbcuniversalnewsgroup.com\/telemundo\/wp-json\/wp\/v2\/media\/1084"}],"wp:attachment":[{"href":"https:\/\/nbcuniversalnewsgroup.com\/telemundo\/wp-json\/wp\/v2\/media?parent=1087"}],"wp:term":[{"taxonomy":"category","embeddable":true,"href":"https:\/\/nbcuniversalnewsgroup.com\/telemundo\/wp-json\/wp\/v2\/categories?post=1087"},{"taxonomy":"post_tag","embeddable":true,"href":"https:\/\/nbcuniversalnewsgroup.com\/telemundo\/wp-json\/wp\/v2\/tags?post=1087"}],"curies":[{"name":"wp","href":"https:\/\/api.w.org\/{rel}","templated":true}]}}