{"id":1037,"date":"2025-02-28T18:03:49","date_gmt":"2025-02-28T18:03:49","guid":{"rendered":"https:\/\/nbcuniversalnewsgroup.com\/telemundo\/?p=1037"},"modified":"2025-02-28T18:40:27","modified_gmt":"2025-02-28T18:40:27","slug":"alerta-de-medios-noticias-telemundo-presenta-cobertura-especial-del-discurso-del-presidente-trump-ante-el-congreso-el-martes-4-de-marzo-a-las-850-pm-et-750-pm-ct","status":"publish","type":"post","link":"https:\/\/nbcuniversalnewsgroup.com\/telemundo\/es\/2025\/02\/28\/alerta-de-medios-noticias-telemundo-presenta-cobertura-especial-del-discurso-del-presidente-trump-ante-el-congreso-el-martes-4-de-marzo-a-las-850-pm-et-750-pm-ct\/","title":{"rendered":"Alerta De Medios: Noticias Telemundo Presenta Cobertura Especial Del Discurso Del Presidente Trump Ante El Congreso El Martes 4 De Marzo A Las 8:50 PM ET \/7:50 PM CT"},"content":{"rendered":"\n<p class=\"has-text-align-center\"><strong><em>Julio Vaqueiro presentar\u00e1 la cobertura en vivo desde Washington<\/em><\/strong><\/p>\n\n\n\n<p class=\"has-text-align-center\"><strong><em>Noticias Telemundo AHORA transmitir\u00e1 simult\u00e1neamente el discurso con una cobertura especial extendida<\/em><\/strong><\/p>\n\n\n\n<p><strong>QU\u00c9:<\/strong> Noticias Telemundo presentar\u00e1 una extensa cobertura en vivo y un an\u00e1lisis en tiempo real del discurso del presidente Donald Trump ante el Congreso y la respuesta oficial del Partido Dem\u00f3crata.<\/p>\n\n\n\n<p><strong>CU\u00c1NDO:<\/strong> Martes 4 de marzo a las 8:50 pm ET\/7:50 pm CT.<\/p>\n\n\n\n<p><strong>QUI\u00c9N:<\/strong> <strong>Julio Vaqueiro<\/strong> conducir\u00e1 la cobertura de Noticias Telemundo en vivo desde Washington. Vaqueiro presentar\u00e1 una edici\u00f3n especial del noticiero de las 6:30 pm ET de la cadena y el especial de noticias en horario estelar, que incluir\u00e1 informes en profundidad de la corresponsal senior en Washington, <strong>Cristina Londo\u00f1o<\/strong>. A ellos se les unir\u00e1 un panel de analistas para examinar el discurso del presidente y temas clave, incluyendo la econom\u00eda y la inmigraci\u00f3n. La cobertura contar\u00e1 con verificaciones de hechos por parte de <a href=\"https:\/\/www.telemundo.com\/noticias\/t-verifica\">T Verifica<\/a> de Noticias Telemundo. Antes del discurso, <strong>Vaqueiro<\/strong> aparecer\u00e1 en <em>Meet the Press with Kristen Welker<\/em> de NBC el domingo como parte de una mesa redonda sobre el discurso del presidente Trump.<\/p>\n\n\n\n<p><strong>D\u00d3NDE:<\/strong> La cobertura especial se transmitir\u00e1 en vivo por la cadena Telemundo y en streaming por Noticias Telemundo AHORA, que se distribuye a trav\u00e9s de plataformas en l\u00ednea que incluyen Peacock, Roku, YouTube, Samsung TV Plus y Fire TV. Tambi\u00e9n habr\u00e1 transmisiones en vivo simult\u00e1neas disponibles en <a href=\"http:\/\/noticiastelemundo.com\">NoticiasTelemundo.com<\/a>, la <a href=\"https:\/\/www.telemundo.com\/noticias\/2020\/02\/02\/descarga-nuestra-app-de-noticias-telemundo-tmna3666644\">app de Noticias Telemundo<\/a>, <a href=\"https:\/\/www.youtube.com\/channel\/UCRwA1NUcUnwsly35ikGhp0A\">YouTube<\/a>, <a href=\"https:\/\/www.facebook.com\/NoticiasTelemundo\/https:\/\/www.facebook.com\/NoticiasTelemundo\/\">Facebook<\/a>, <a href=\"https:\/\/www.tiktok.com\/@noticiastelemundo?lang=en\">TikTok<\/a> e <a href=\"https:\/\/www.instagram.com\/noticiastelemundo\/?hl=en\">Instagram<\/a>. Noticias Telemundo AHORA contar\u00e1 con una cobertura extendida posterior al discurso a partir de las 11 pm ET.<\/p>\n\n\n\n<p><strong>Acerca de NBCUniversal Telemundo Enterprises:&nbsp; <\/strong><strong><br><\/strong>NBCUniversal Telemundo Enterprises lidera la industria de los medios en la producci\u00f3n y distribuci\u00f3n de contenido en espa\u00f1ol para los hispanos de Estados Unidos y audiencias del mundo entero. La compa\u00f1\u00eda sirve a los hispanos de Estados Unidos a trav\u00e9s de su cadena nacional de televisi\u00f3n, la cadena de cable Universo, y plataformas digitales que incluyen la aplicaci\u00f3n Telemundo, una suite de canales FAST, y servicios de streaming, como Peacock, entre otros. La cadena Telemundo ofrece entretenimiento, noticias y deportes en espa\u00f1ol que llegan al 96% de los hogares hispanos de Estados Unidos en 210 mercados, a trav\u00e9s de 30 emisoras propias y 92 estaciones afiliadas. Telemundo tambi\u00e9n es propietaria de una emisora independiente en Puerto Rico. Gracias a Telemundo Studios, la cadena es la productora n\u00famero uno de contenidos de ficci\u00f3n en espa\u00f1ol en Estados Unidos, y la \u00fanica cadena que produce contenido original espec\u00edficamente para audiencias hispanas en Estados Unidos. Ofreciendo m\u00e1s de 600 horas de programas de reality al a\u00f1o, y especiales en vivo de mayor audiencia como los Premios Billboard de la M\u00fasica Latina y Miss Universo, Telemundo es considerada la casa indiscutible de la televisi\u00f3n en vivo de los medios hispanos. La cadena es tambi\u00e9n el hogar exclusivo en espa\u00f1ol de los dos eventos deportivos m\u00e1s populares del mundo, la Copa Mundial de la FIFA y los Juegos Ol\u00edmpicos. NBCUniversal Telemundo Enterprises es una divisi\u00f3n de NBCUniversal, una subsidiaria de Comcast Corporation.&nbsp;<\/p>\n\n\n\n<p><strong><span style=\"text-decoration: underline\">Contactos de Prensa:<\/span><\/strong><\/p>\n\n\n\n<p>Kevin Gray<br>Kevin.Gray@nbcuni.com<\/p>\n\n\n\n<p>Alejandra Merchant<br>Alejandra.Merchant@nbcuni.com<\/p>\n","protected":false},"excerpt":{"rendered":"<p>Julio Vaqueiro presentar\u00e1 la cobertura en vivo desde Washington Noticias Telemundo AHORA transmitir\u00e1 simult\u00e1neamente el discurso con una cobertura especial extendida QU\u00c9: Noticias Telemundo presentar\u00e1 una extensa cobertura en vivo y un an\u00e1lisis en tiempo real del discurso del presidente Donald Trump ante el Congreso y la respuesta oficial del Partido Dem\u00f3crata. CU\u00c1NDO: Martes 4 [&#8230;]<\/p>\n<p><a class=\"btn btn-secondary understrap-read-more-link\" href=\"https:\/\/nbcuniversalnewsgroup.com\/telemundo\/es\/2025\/02\/28\/alerta-de-medios-noticias-telemundo-presenta-cobertura-especial-del-discurso-del-presidente-trump-ante-el-congreso-el-martes-4-de-marzo-a-las-850-pm-et-750-pm-ct\/\">Read More&#8230;<span class=\"screen-reader-text\"> from Alerta De Medios: Noticias Telemundo Presenta Cobertura Especial Del Discurso Del Presidente Trump Ante El Congreso El Martes 4 De Marzo A Las 8:50 PM ET \/7:50 PM CT<\/span><\/a><\/p>\n","protected":false},"author":3,"featured_media":1038,"comment_status":"open","ping_status":"open","sticky":false,"template":"","format":"standard","meta":{"jetpack_post_was_ever_published":false,"footnotes":""},"categories":[2],"tags":[],"class_list":["post-1037","post","type-post","status-publish","format-standard","has-post-thumbnail","hentry","category-noticias-telemundo"],"yoast_head":"<!-- This site is optimized with the Yoast SEO plugin v27.5 - https:\/\/yoast.com\/product\/yoast-seo-wordpress\/ -->\n<title>Alerta De Medios: Noticias Telemundo Presenta Cobertura Especial Del Discurso Del Presidente Trump Ante El Congreso El Martes 4 De Marzo A Las 8:50 PM ET \/7:50 PM CT - NBCUniversal Telemundo Enterprises Press Releases<\/title>\n<meta name=\"robots\" content=\"index, follow, max-snippet:-1, max-image-preview:large, max-video-preview:-1\" \/>\n<link rel=\"canonical\" href=\"https:\/\/nbcuniversalnewsgroup.com\/telemundo\/es\/2025\/02\/28\/alerta-de-medios-noticias-telemundo-presenta-cobertura-especial-del-discurso-del-presidente-trump-ante-el-congreso-el-martes-4-de-marzo-a-las-850-pm-et-750-pm-ct\/\" \/>\n<meta property=\"og:locale\" content=\"en_US\" \/>\n<meta property=\"og:type\" content=\"article\" \/>\n<meta property=\"og:title\" content=\"Alerta De Medios: Noticias Telemundo Presenta Cobertura Especial Del Discurso Del Presidente Trump Ante El Congreso El Martes 4 De Marzo A Las 8:50 PM ET \/7:50 PM CT - NBCUniversal Telemundo Enterprises Press Releases\" \/>\n<meta property=\"og:description\" content=\"Julio Vaqueiro presentar\u00e1 la cobertura en vivo desde Washington Noticias Telemundo AHORA transmitir\u00e1 simult\u00e1neamente el discurso con una cobertura especial extendida QU\u00c9: Noticias Telemundo presentar\u00e1 una extensa cobertura en vivo y un an\u00e1lisis en tiempo real del discurso del presidente Donald Trump ante el Congreso y la respuesta oficial del Partido Dem\u00f3crata. CU\u00c1NDO: Martes 4 [...]Read More... from Alerta De Medios: Noticias Telemundo Presenta Cobertura Especial Del Discurso Del Presidente Trump Ante El Congreso El Martes 4 De Marzo A Las 8:50 PM ET \/7:50 PM CT\" \/>\n<meta property=\"og:url\" content=\"https:\/\/nbcuniversalnewsgroup.com\/telemundo\/es\/2025\/02\/28\/alerta-de-medios-noticias-telemundo-presenta-cobertura-especial-del-discurso-del-presidente-trump-ante-el-congreso-el-martes-4-de-marzo-a-las-850-pm-et-750-pm-ct\/\" \/>\n<meta property=\"og:site_name\" content=\"NBCUniversal Telemundo Enterprises Press Releases\" \/>\n<meta property=\"article:publisher\" content=\"https:\/\/www.facebook.com\/NBCUTelemundo\/\" \/>\n<meta property=\"article:published_time\" content=\"2025-02-28T18:03:49+00:00\" \/>\n<meta property=\"article:modified_time\" content=\"2025-02-28T18:40:27+00:00\" \/>\n<meta property=\"og:image\" content=\"https:\/\/nbcuniversalnewsgroup.com\/telemundo\/wp-content\/uploads\/sites\/7\/2025\/02\/22324371_MALN_16X9_Fecha_850PM550PT-1.jpg\" \/>\n\t<meta property=\"og:image:width\" content=\"1920\" \/>\n\t<meta property=\"og:image:height\" content=\"1080\" \/>\n\t<meta property=\"og:image:type\" content=\"image\/jpeg\" \/>\n<meta name=\"author\" content=\"NBCUniversal News Group\" \/>\n<meta name=\"twitter:card\" content=\"summary_large_image\" \/>\n<meta name=\"twitter:creator\" content=\"@NBCUTelemundo\" \/>\n<meta name=\"twitter:site\" content=\"@NBCUTelemundo\" \/>\n<meta name=\"twitter:label1\" content=\"Written by\" \/>\n\t<meta name=\"twitter:data1\" content=\"NBCUniversal News Group\" \/>\n\t<meta name=\"twitter:label2\" content=\"Est. reading time\" \/>\n\t<meta name=\"twitter:data2\" content=\"3 minutes\" \/>\n<script type=\"application\/ld+json\" class=\"yoast-schema-graph\">{\"@context\":\"https:\\\/\\\/schema.org\",\"@graph\":[{\"@type\":\"Article\",\"@id\":\"https:\\\/\\\/nbcuniversalnewsgroup.com\\\/telemundo\\\/es\\\/2025\\\/02\\\/28\\\/alerta-de-medios-noticias-telemundo-presenta-cobertura-especial-del-discurso-del-presidente-trump-ante-el-congreso-el-martes-4-de-marzo-a-las-850-pm-et-750-pm-ct\\\/#article\",\"isPartOf\":{\"@id\":\"https:\\\/\\\/nbcuniversalnewsgroup.com\\\/telemundo\\\/es\\\/2025\\\/02\\\/28\\\/alerta-de-medios-noticias-telemundo-presenta-cobertura-especial-del-discurso-del-presidente-trump-ante-el-congreso-el-martes-4-de-marzo-a-las-850-pm-et-750-pm-ct\\\/\"},\"author\":{\"name\":\"NBCUniversal News Group\",\"@id\":\"https:\\\/\\\/nbcuniversalnewsgroup.com\\\/telemundo\\\/#\\\/schema\\\/person\\\/71375f95e907cc09385448ec02f6937f\"},\"headline\":\"Alerta De Medios: Noticias Telemundo Presenta Cobertura Especial Del Discurso Del Presidente Trump Ante El Congreso El Martes 4 De Marzo A Las 8:50 PM ET \\\/7:50 PM CT\",\"datePublished\":\"2025-02-28T18:03:49+00:00\",\"dateModified\":\"2025-02-28T18:40:27+00:00\",\"mainEntityOfPage\":{\"@id\":\"https:\\\/\\\/nbcuniversalnewsgroup.com\\\/telemundo\\\/es\\\/2025\\\/02\\\/28\\\/alerta-de-medios-noticias-telemundo-presenta-cobertura-especial-del-discurso-del-presidente-trump-ante-el-congreso-el-martes-4-de-marzo-a-las-850-pm-et-750-pm-ct\\\/\"},\"wordCount\":568,\"commentCount\":0,\"publisher\":{\"@id\":\"https:\\\/\\\/nbcuniversalnewsgroup.com\\\/telemundo\\\/#organization\"},\"image\":{\"@id\":\"https:\\\/\\\/nbcuniversalnewsgroup.com\\\/telemundo\\\/es\\\/2025\\\/02\\\/28\\\/alerta-de-medios-noticias-telemundo-presenta-cobertura-especial-del-discurso-del-presidente-trump-ante-el-congreso-el-martes-4-de-marzo-a-las-850-pm-et-750-pm-ct\\\/#primaryimage\"},\"thumbnailUrl\":\"https:\\\/\\\/i0.wp.com\\\/nbcuniversalnewsgroup.com\\\/telemundo\\\/wp-content\\\/uploads\\\/sites\\\/7\\\/2025\\\/02\\\/22324371_MALN_16X9_Fecha_850PM550PT-1.jpg?fit=1920%2C1080&ssl=1\",\"articleSection\":[\"Noticias Telemundo\"],\"inLanguage\":\"en-US\"},{\"@type\":\"WebPage\",\"@id\":\"https:\\\/\\\/nbcuniversalnewsgroup.com\\\/telemundo\\\/es\\\/2025\\\/02\\\/28\\\/alerta-de-medios-noticias-telemundo-presenta-cobertura-especial-del-discurso-del-presidente-trump-ante-el-congreso-el-martes-4-de-marzo-a-las-850-pm-et-750-pm-ct\\\/\",\"url\":\"https:\\\/\\\/nbcuniversalnewsgroup.com\\\/telemundo\\\/es\\\/2025\\\/02\\\/28\\\/alerta-de-medios-noticias-telemundo-presenta-cobertura-especial-del-discurso-del-presidente-trump-ante-el-congreso-el-martes-4-de-marzo-a-las-850-pm-et-750-pm-ct\\\/\",\"name\":\"Alerta De Medios: Noticias Telemundo Presenta Cobertura Especial Del Discurso Del Presidente Trump Ante El Congreso El Martes 4 De Marzo A Las 8:50 PM ET \\\/7:50 PM CT - NBCUniversal Telemundo Enterprises Press Releases\",\"isPartOf\":{\"@id\":\"https:\\\/\\\/nbcuniversalnewsgroup.com\\\/telemundo\\\/#website\"},\"primaryImageOfPage\":{\"@id\":\"https:\\\/\\\/nbcuniversalnewsgroup.com\\\/telemundo\\\/es\\\/2025\\\/02\\\/28\\\/alerta-de-medios-noticias-telemundo-presenta-cobertura-especial-del-discurso-del-presidente-trump-ante-el-congreso-el-martes-4-de-marzo-a-las-850-pm-et-750-pm-ct\\\/#primaryimage\"},\"image\":{\"@id\":\"https:\\\/\\\/nbcuniversalnewsgroup.com\\\/telemundo\\\/es\\\/2025\\\/02\\\/28\\\/alerta-de-medios-noticias-telemundo-presenta-cobertura-especial-del-discurso-del-presidente-trump-ante-el-congreso-el-martes-4-de-marzo-a-las-850-pm-et-750-pm-ct\\\/#primaryimage\"},\"thumbnailUrl\":\"https:\\\/\\\/i0.wp.com\\\/nbcuniversalnewsgroup.com\\\/telemundo\\\/wp-content\\\/uploads\\\/sites\\\/7\\\/2025\\\/02\\\/22324371_MALN_16X9_Fecha_850PM550PT-1.jpg?fit=1920%2C1080&ssl=1\",\"datePublished\":\"2025-02-28T18:03:49+00:00\",\"dateModified\":\"2025-02-28T18:40:27+00:00\",\"breadcrumb\":{\"@id\":\"https:\\\/\\\/nbcuniversalnewsgroup.com\\\/telemundo\\\/es\\\/2025\\\/02\\\/28\\\/alerta-de-medios-noticias-telemundo-presenta-cobertura-especial-del-discurso-del-presidente-trump-ante-el-congreso-el-martes-4-de-marzo-a-las-850-pm-et-750-pm-ct\\\/#breadcrumb\"},\"inLanguage\":\"en-US\",\"potentialAction\":[{\"@type\":\"ReadAction\",\"target\":[\"https:\\\/\\\/nbcuniversalnewsgroup.com\\\/telemundo\\\/es\\\/2025\\\/02\\\/28\\\/alerta-de-medios-noticias-telemundo-presenta-cobertura-especial-del-discurso-del-presidente-trump-ante-el-congreso-el-martes-4-de-marzo-a-las-850-pm-et-750-pm-ct\\\/\"]}]},{\"@type\":\"ImageObject\",\"inLanguage\":\"en-US\",\"@id\":\"https:\\\/\\\/nbcuniversalnewsgroup.com\\\/telemundo\\\/es\\\/2025\\\/02\\\/28\\\/alerta-de-medios-noticias-telemundo-presenta-cobertura-especial-del-discurso-del-presidente-trump-ante-el-congreso-el-martes-4-de-marzo-a-las-850-pm-et-750-pm-ct\\\/#primaryimage\",\"url\":\"https:\\\/\\\/i0.wp.com\\\/nbcuniversalnewsgroup.com\\\/telemundo\\\/wp-content\\\/uploads\\\/sites\\\/7\\\/2025\\\/02\\\/22324371_MALN_16X9_Fecha_850PM550PT-1.jpg?fit=1920%2C1080&ssl=1\",\"contentUrl\":\"https:\\\/\\\/i0.wp.com\\\/nbcuniversalnewsgroup.com\\\/telemundo\\\/wp-content\\\/uploads\\\/sites\\\/7\\\/2025\\\/02\\\/22324371_MALN_16X9_Fecha_850PM550PT-1.jpg?fit=1920%2C1080&ssl=1\",\"width\":1920,\"height\":1080},{\"@type\":\"BreadcrumbList\",\"@id\":\"https:\\\/\\\/nbcuniversalnewsgroup.com\\\/telemundo\\\/es\\\/2025\\\/02\\\/28\\\/alerta-de-medios-noticias-telemundo-presenta-cobertura-especial-del-discurso-del-presidente-trump-ante-el-congreso-el-martes-4-de-marzo-a-las-850-pm-et-750-pm-ct\\\/#breadcrumb\",\"itemListElement\":[{\"@type\":\"ListItem\",\"position\":1,\"name\":\"Home\",\"item\":\"https:\\\/\\\/nbcuniversalnewsgroup.com\\\/telemundo\\\/\"},{\"@type\":\"ListItem\",\"position\":2,\"name\":\"Alerta De Medios: Noticias Telemundo Presenta Cobertura Especial Del Discurso Del Presidente Trump Ante El Congreso El Martes 4 De Marzo A Las 8:50 PM ET \\\/7:50 PM CT\"}]},{\"@type\":\"WebSite\",\"@id\":\"https:\\\/\\\/nbcuniversalnewsgroup.com\\\/telemundo\\\/#website\",\"url\":\"https:\\\/\\\/nbcuniversalnewsgroup.com\\\/telemundo\\\/\",\"name\":\"NBCUniversal Telemundo Enterprises Press Releases\",\"description\":\"NBCUniversal Telemundo Enterprises leads the media industry in the production and distribution of Spanish-language entertainment, news and sports content for U.S. Hispanics and audiences around the world.\",\"publisher\":{\"@id\":\"https:\\\/\\\/nbcuniversalnewsgroup.com\\\/telemundo\\\/#organization\"},\"potentialAction\":[{\"@type\":\"SearchAction\",\"target\":{\"@type\":\"EntryPoint\",\"urlTemplate\":\"https:\\\/\\\/nbcuniversalnewsgroup.com\\\/telemundo\\\/?s={search_term_string}\"},\"query-input\":{\"@type\":\"PropertyValueSpecification\",\"valueRequired\":true,\"valueName\":\"search_term_string\"}}],\"inLanguage\":\"en-US\"},{\"@type\":\"Organization\",\"@id\":\"https:\\\/\\\/nbcuniversalnewsgroup.com\\\/telemundo\\\/#organization\",\"name\":\"NBCUniversal Telemundo Enterprises Press Releases\",\"url\":\"https:\\\/\\\/nbcuniversalnewsgroup.com\\\/telemundo\\\/\",\"logo\":{\"@type\":\"ImageObject\",\"inLanguage\":\"en-US\",\"@id\":\"https:\\\/\\\/nbcuniversalnewsgroup.com\\\/telemundo\\\/#\\\/schema\\\/logo\\\/image\\\/\",\"url\":\"\",\"contentUrl\":\"\",\"caption\":\"NBCUniversal Telemundo Enterprises Press Releases\"},\"image\":{\"@id\":\"https:\\\/\\\/nbcuniversalnewsgroup.com\\\/telemundo\\\/#\\\/schema\\\/logo\\\/image\\\/\"},\"sameAs\":[\"https:\\\/\\\/www.facebook.com\\\/NBCUTelemundo\\\/\",\"https:\\\/\\\/x.com\\\/NBCUTelemundo\",\"https:\\\/\\\/www.instagram.com\\\/nbcutelemundo\\\/\",\"https:\\\/\\\/www.linkedin.com\\\/company\\\/nbcuniversaltelemundoenterprises\",\"https:\\\/\\\/www.threads.net\\\/@nbcutelemundo\"]},{\"@type\":\"Person\",\"@id\":\"https:\\\/\\\/nbcuniversalnewsgroup.com\\\/telemundo\\\/#\\\/schema\\\/person\\\/71375f95e907cc09385448ec02f6937f\",\"name\":\"NBCUniversal News Group\",\"image\":{\"@type\":\"ImageObject\",\"inLanguage\":\"en-US\",\"@id\":\"https:\\\/\\\/secure.gravatar.com\\\/avatar\\\/e10e6d3cbbefdce7f5e6bb676ab54cd85e88d8109192053eb487cc96406e49b0?s=96&d=mm&r=g\",\"url\":\"https:\\\/\\\/secure.gravatar.com\\\/avatar\\\/e10e6d3cbbefdce7f5e6bb676ab54cd85e88d8109192053eb487cc96406e49b0?s=96&d=mm&r=g\",\"contentUrl\":\"https:\\\/\\\/secure.gravatar.com\\\/avatar\\\/e10e6d3cbbefdce7f5e6bb676ab54cd85e88d8109192053eb487cc96406e49b0?s=96&d=mm&r=g\",\"caption\":\"NBCUniversal News Group\"},\"url\":\"https:\\\/\\\/nbcuniversalnewsgroup.com\\\/telemundo\\\/author\\\/trasaterra\\\/\"}]}<\/script>\n<!-- \/ Yoast SEO plugin. -->","yoast_head_json":{"title":"Alerta De Medios: Noticias Telemundo Presenta Cobertura Especial Del Discurso Del Presidente Trump Ante El Congreso El Martes 4 De Marzo A Las 8:50 PM ET \/7:50 PM CT - NBCUniversal Telemundo Enterprises Press Releases","robots":{"index":"index","follow":"follow","max-snippet":"max-snippet:-1","max-image-preview":"max-image-preview:large","max-video-preview":"max-video-preview:-1"},"canonical":"https:\/\/nbcuniversalnewsgroup.com\/telemundo\/es\/2025\/02\/28\/alerta-de-medios-noticias-telemundo-presenta-cobertura-especial-del-discurso-del-presidente-trump-ante-el-congreso-el-martes-4-de-marzo-a-las-850-pm-et-750-pm-ct\/","og_locale":"en_US","og_type":"article","og_title":"Alerta De Medios: Noticias Telemundo Presenta Cobertura Especial Del Discurso Del Presidente Trump Ante El Congreso El Martes 4 De Marzo A Las 8:50 PM ET \/7:50 PM CT - NBCUniversal Telemundo Enterprises Press Releases","og_description":"Julio Vaqueiro presentar\u00e1 la cobertura en vivo desde Washington Noticias Telemundo AHORA transmitir\u00e1 simult\u00e1neamente el discurso con una cobertura especial extendida QU\u00c9: Noticias Telemundo presentar\u00e1 una extensa cobertura en vivo y un an\u00e1lisis en tiempo real del discurso del presidente Donald Trump ante el Congreso y la respuesta oficial del Partido Dem\u00f3crata. CU\u00c1NDO: Martes 4 [...]Read More... from Alerta De Medios: Noticias Telemundo Presenta Cobertura Especial Del Discurso Del Presidente Trump Ante El Congreso El Martes 4 De Marzo A Las 8:50 PM ET \/7:50 PM CT","og_url":"https:\/\/nbcuniversalnewsgroup.com\/telemundo\/es\/2025\/02\/28\/alerta-de-medios-noticias-telemundo-presenta-cobertura-especial-del-discurso-del-presidente-trump-ante-el-congreso-el-martes-4-de-marzo-a-las-850-pm-et-750-pm-ct\/","og_site_name":"NBCUniversal Telemundo Enterprises Press Releases","article_publisher":"https:\/\/www.facebook.com\/NBCUTelemundo\/","article_published_time":"2025-02-28T18:03:49+00:00","article_modified_time":"2025-02-28T18:40:27+00:00","og_image":[{"width":1920,"height":1080,"url":"https:\/\/nbcuniversalnewsgroup.com\/telemundo\/wp-content\/uploads\/sites\/7\/2025\/02\/22324371_MALN_16X9_Fecha_850PM550PT-1.jpg","type":"image\/jpeg"}],"author":"NBCUniversal News Group","twitter_card":"summary_large_image","twitter_creator":"@NBCUTelemundo","twitter_site":"@NBCUTelemundo","twitter_misc":{"Written by":"NBCUniversal News Group","Est. reading time":"3 minutes"},"schema":{"@context":"https:\/\/schema.org","@graph":[{"@type":"Article","@id":"https:\/\/nbcuniversalnewsgroup.com\/telemundo\/es\/2025\/02\/28\/alerta-de-medios-noticias-telemundo-presenta-cobertura-especial-del-discurso-del-presidente-trump-ante-el-congreso-el-martes-4-de-marzo-a-las-850-pm-et-750-pm-ct\/#article","isPartOf":{"@id":"https:\/\/nbcuniversalnewsgroup.com\/telemundo\/es\/2025\/02\/28\/alerta-de-medios-noticias-telemundo-presenta-cobertura-especial-del-discurso-del-presidente-trump-ante-el-congreso-el-martes-4-de-marzo-a-las-850-pm-et-750-pm-ct\/"},"author":{"name":"NBCUniversal News Group","@id":"https:\/\/nbcuniversalnewsgroup.com\/telemundo\/#\/schema\/person\/71375f95e907cc09385448ec02f6937f"},"headline":"Alerta De Medios: Noticias Telemundo Presenta Cobertura Especial Del Discurso Del Presidente Trump Ante El Congreso El Martes 4 De Marzo A Las 8:50 PM ET \/7:50 PM CT","datePublished":"2025-02-28T18:03:49+00:00","dateModified":"2025-02-28T18:40:27+00:00","mainEntityOfPage":{"@id":"https:\/\/nbcuniversalnewsgroup.com\/telemundo\/es\/2025\/02\/28\/alerta-de-medios-noticias-telemundo-presenta-cobertura-especial-del-discurso-del-presidente-trump-ante-el-congreso-el-martes-4-de-marzo-a-las-850-pm-et-750-pm-ct\/"},"wordCount":568,"commentCount":0,"publisher":{"@id":"https:\/\/nbcuniversalnewsgroup.com\/telemundo\/#organization"},"image":{"@id":"https:\/\/nbcuniversalnewsgroup.com\/telemundo\/es\/2025\/02\/28\/alerta-de-medios-noticias-telemundo-presenta-cobertura-especial-del-discurso-del-presidente-trump-ante-el-congreso-el-martes-4-de-marzo-a-las-850-pm-et-750-pm-ct\/#primaryimage"},"thumbnailUrl":"https:\/\/i0.wp.com\/nbcuniversalnewsgroup.com\/telemundo\/wp-content\/uploads\/sites\/7\/2025\/02\/22324371_MALN_16X9_Fecha_850PM550PT-1.jpg?fit=1920%2C1080&ssl=1","articleSection":["Noticias Telemundo"],"inLanguage":"en-US"},{"@type":"WebPage","@id":"https:\/\/nbcuniversalnewsgroup.com\/telemundo\/es\/2025\/02\/28\/alerta-de-medios-noticias-telemundo-presenta-cobertura-especial-del-discurso-del-presidente-trump-ante-el-congreso-el-martes-4-de-marzo-a-las-850-pm-et-750-pm-ct\/","url":"https:\/\/nbcuniversalnewsgroup.com\/telemundo\/es\/2025\/02\/28\/alerta-de-medios-noticias-telemundo-presenta-cobertura-especial-del-discurso-del-presidente-trump-ante-el-congreso-el-martes-4-de-marzo-a-las-850-pm-et-750-pm-ct\/","name":"Alerta De Medios: Noticias Telemundo Presenta Cobertura Especial Del Discurso Del Presidente Trump Ante El Congreso El Martes 4 De Marzo A Las 8:50 PM ET \/7:50 PM CT - NBCUniversal Telemundo Enterprises Press Releases","isPartOf":{"@id":"https:\/\/nbcuniversalnewsgroup.com\/telemundo\/#website"},"primaryImageOfPage":{"@id":"https:\/\/nbcuniversalnewsgroup.com\/telemundo\/es\/2025\/02\/28\/alerta-de-medios-noticias-telemundo-presenta-cobertura-especial-del-discurso-del-presidente-trump-ante-el-congreso-el-martes-4-de-marzo-a-las-850-pm-et-750-pm-ct\/#primaryimage"},"image":{"@id":"https:\/\/nbcuniversalnewsgroup.com\/telemundo\/es\/2025\/02\/28\/alerta-de-medios-noticias-telemundo-presenta-cobertura-especial-del-discurso-del-presidente-trump-ante-el-congreso-el-martes-4-de-marzo-a-las-850-pm-et-750-pm-ct\/#primaryimage"},"thumbnailUrl":"https:\/\/i0.wp.com\/nbcuniversalnewsgroup.com\/telemundo\/wp-content\/uploads\/sites\/7\/2025\/02\/22324371_MALN_16X9_Fecha_850PM550PT-1.jpg?fit=1920%2C1080&ssl=1","datePublished":"2025-02-28T18:03:49+00:00","dateModified":"2025-02-28T18:40:27+00:00","breadcrumb":{"@id":"https:\/\/nbcuniversalnewsgroup.com\/telemundo\/es\/2025\/02\/28\/alerta-de-medios-noticias-telemundo-presenta-cobertura-especial-del-discurso-del-presidente-trump-ante-el-congreso-el-martes-4-de-marzo-a-las-850-pm-et-750-pm-ct\/#breadcrumb"},"inLanguage":"en-US","potentialAction":[{"@type":"ReadAction","target":["https:\/\/nbcuniversalnewsgroup.com\/telemundo\/es\/2025\/02\/28\/alerta-de-medios-noticias-telemundo-presenta-cobertura-especial-del-discurso-del-presidente-trump-ante-el-congreso-el-martes-4-de-marzo-a-las-850-pm-et-750-pm-ct\/"]}]},{"@type":"ImageObject","inLanguage":"en-US","@id":"https:\/\/nbcuniversalnewsgroup.com\/telemundo\/es\/2025\/02\/28\/alerta-de-medios-noticias-telemundo-presenta-cobertura-especial-del-discurso-del-presidente-trump-ante-el-congreso-el-martes-4-de-marzo-a-las-850-pm-et-750-pm-ct\/#primaryimage","url":"https:\/\/i0.wp.com\/nbcuniversalnewsgroup.com\/telemundo\/wp-content\/uploads\/sites\/7\/2025\/02\/22324371_MALN_16X9_Fecha_850PM550PT-1.jpg?fit=1920%2C1080&ssl=1","contentUrl":"https:\/\/i0.wp.com\/nbcuniversalnewsgroup.com\/telemundo\/wp-content\/uploads\/sites\/7\/2025\/02\/22324371_MALN_16X9_Fecha_850PM550PT-1.jpg?fit=1920%2C1080&ssl=1","width":1920,"height":1080},{"@type":"BreadcrumbList","@id":"https:\/\/nbcuniversalnewsgroup.com\/telemundo\/es\/2025\/02\/28\/alerta-de-medios-noticias-telemundo-presenta-cobertura-especial-del-discurso-del-presidente-trump-ante-el-congreso-el-martes-4-de-marzo-a-las-850-pm-et-750-pm-ct\/#breadcrumb","itemListElement":[{"@type":"ListItem","position":1,"name":"Home","item":"https:\/\/nbcuniversalnewsgroup.com\/telemundo\/"},{"@type":"ListItem","position":2,"name":"Alerta De Medios: Noticias Telemundo Presenta Cobertura Especial Del Discurso Del Presidente Trump Ante El Congreso El Martes 4 De Marzo A Las 8:50 PM ET \/7:50 PM CT"}]},{"@type":"WebSite","@id":"https:\/\/nbcuniversalnewsgroup.com\/telemundo\/#website","url":"https:\/\/nbcuniversalnewsgroup.com\/telemundo\/","name":"NBCUniversal Telemundo Enterprises Press Releases","description":"NBCUniversal Telemundo Enterprises leads the media industry in the production and distribution of Spanish-language entertainment, news and sports content for U.S. Hispanics and audiences around the world.","publisher":{"@id":"https:\/\/nbcuniversalnewsgroup.com\/telemundo\/#organization"},"potentialAction":[{"@type":"SearchAction","target":{"@type":"EntryPoint","urlTemplate":"https:\/\/nbcuniversalnewsgroup.com\/telemundo\/?s={search_term_string}"},"query-input":{"@type":"PropertyValueSpecification","valueRequired":true,"valueName":"search_term_string"}}],"inLanguage":"en-US"},{"@type":"Organization","@id":"https:\/\/nbcuniversalnewsgroup.com\/telemundo\/#organization","name":"NBCUniversal Telemundo Enterprises Press Releases","url":"https:\/\/nbcuniversalnewsgroup.com\/telemundo\/","logo":{"@type":"ImageObject","inLanguage":"en-US","@id":"https:\/\/nbcuniversalnewsgroup.com\/telemundo\/#\/schema\/logo\/image\/","url":"","contentUrl":"","caption":"NBCUniversal Telemundo Enterprises Press Releases"},"image":{"@id":"https:\/\/nbcuniversalnewsgroup.com\/telemundo\/#\/schema\/logo\/image\/"},"sameAs":["https:\/\/www.facebook.com\/NBCUTelemundo\/","https:\/\/x.com\/NBCUTelemundo","https:\/\/www.instagram.com\/nbcutelemundo\/","https:\/\/www.linkedin.com\/company\/nbcuniversaltelemundoenterprises","https:\/\/www.threads.net\/@nbcutelemundo"]},{"@type":"Person","@id":"https:\/\/nbcuniversalnewsgroup.com\/telemundo\/#\/schema\/person\/71375f95e907cc09385448ec02f6937f","name":"NBCUniversal News Group","image":{"@type":"ImageObject","inLanguage":"en-US","@id":"https:\/\/secure.gravatar.com\/avatar\/e10e6d3cbbefdce7f5e6bb676ab54cd85e88d8109192053eb487cc96406e49b0?s=96&d=mm&r=g","url":"https:\/\/secure.gravatar.com\/avatar\/e10e6d3cbbefdce7f5e6bb676ab54cd85e88d8109192053eb487cc96406e49b0?s=96&d=mm&r=g","contentUrl":"https:\/\/secure.gravatar.com\/avatar\/e10e6d3cbbefdce7f5e6bb676ab54cd85e88d8109192053eb487cc96406e49b0?s=96&d=mm&r=g","caption":"NBCUniversal News Group"},"url":"https:\/\/nbcuniversalnewsgroup.com\/telemundo\/author\/trasaterra\/"}]}},"jetpack_featured_media_url":"https:\/\/i0.wp.com\/nbcuniversalnewsgroup.com\/telemundo\/wp-content\/uploads\/sites\/7\/2025\/02\/22324371_MALN_16X9_Fecha_850PM550PT-1.jpg?fit=1920%2C1080&ssl=1","_links":{"self":[{"href":"https:\/\/nbcuniversalnewsgroup.com\/telemundo\/wp-json\/wp\/v2\/posts\/1037","targetHints":{"allow":["GET"]}}],"collection":[{"href":"https:\/\/nbcuniversalnewsgroup.com\/telemundo\/wp-json\/wp\/v2\/posts"}],"about":[{"href":"https:\/\/nbcuniversalnewsgroup.com\/telemundo\/wp-json\/wp\/v2\/types\/post"}],"author":[{"embeddable":true,"href":"https:\/\/nbcuniversalnewsgroup.com\/telemundo\/wp-json\/wp\/v2\/users\/3"}],"replies":[{"embeddable":true,"href":"https:\/\/nbcuniversalnewsgroup.com\/telemundo\/wp-json\/wp\/v2\/comments?post=1037"}],"version-history":[{"count":0,"href":"https:\/\/nbcuniversalnewsgroup.com\/telemundo\/wp-json\/wp\/v2\/posts\/1037\/revisions"}],"wp:featuredmedia":[{"embeddable":true,"href":"https:\/\/nbcuniversalnewsgroup.com\/telemundo\/wp-json\/wp\/v2\/media\/1038"}],"wp:attachment":[{"href":"https:\/\/nbcuniversalnewsgroup.com\/telemundo\/wp-json\/wp\/v2\/media?parent=1037"}],"wp:term":[{"taxonomy":"category","embeddable":true,"href":"https:\/\/nbcuniversalnewsgroup.com\/telemundo\/wp-json\/wp\/v2\/categories?post=1037"},{"taxonomy":"post_tag","embeddable":true,"href":"https:\/\/nbcuniversalnewsgroup.com\/telemundo\/wp-json\/wp\/v2\/tags?post=1037"}],"curies":[{"name":"wp","href":"https:\/\/api.w.org\/{rel}","templated":true}]}}