{"id":767,"date":"2026-03-24T01:49:32","date_gmt":"2026-03-24T01:49:32","guid":{"rendered":"https:\/\/nbcuniversalnewsgroup.com\/nbculocal\/?p=767"},"modified":"2026-03-26T01:57:16","modified_gmt":"2026-03-26T01:57:16","slug":"nbc-4-new-york-wnbc-y-telemundo-47-wnju-anuncian-la-incorporacion-de-ana-hernandez-como-directora-de-noticias","status":"publish","type":"post","link":"https:\/\/nbcuniversalnewsgroup.com\/nbculocal\/es\/2026\/03\/24\/nbc-4-new-york-wnbc-y-telemundo-47-wnju-anuncian-la-incorporacion-de-ana-hernandez-como-directora-de-noticias\/","title":{"rendered":"NBC 4 New York\/WNBC Y Telemundo 47\/WNJU Anuncian La Incorporaci\u00f3n De Ana Hern\u00e1ndez Como Directora De Noticias"},"content":{"rendered":"\n<p><\/p>\n\n\n\n<p><strong>NUEVA YORK, NY \u2013 24 de marzo de 2026&nbsp;<\/strong>\u2013 Ana Hern\u00e1ndez ha sido nombrada directora de noticias para NBC 4 New York\/WNBC y Telemundo 47\/WNJU. Periodista y especialista en meteorolog\u00eda galardonada con varios premios Emmy\u00ae, Hern\u00e1ndez se incorporar\u00e1 al equipo directivo de estas importantes cadenas de televisi\u00f3n locales a partir del lunes 20 de abril. Depender\u00e1 de David Manney, vicepresidente de informativos de NBC 4 New York\/WNBC y Telemundo 47\/WNJU.<\/p>\n\n\n\n<p>\u201cAna es una periodista creativa y din\u00e1mica, adem\u00e1s de una l\u00edder en la redacci\u00f3n, con una amplia experiencia en la direcci\u00f3n de la cobertura de noticias nacionales y temas de inter\u00e9s local, en dos idiomas y en m\u00faltiples plataformas,\u201d afirm\u00f3 Dave Manney, vicepresidente de Noticias de NBC 4 New York\/WNBC y Telemundo 47\/WNJU. \u201cEstoy deseando ver el liderazgo que aportar\u00e1 a nuestra creciente redacci\u00f3n biling\u00fce y a nuestra cobertura en televisi\u00f3n, streaming, redes sociales y plataformas digitales.\u201d<\/p>\n\n\n\n<p>Hern\u00e1ndez se une a NBC 4 New York y Telemundo 47 procedente de Filadelfia, donde ha ocupado el cargo de directora de informativos de Telemundo 62\/WWSI desde 2019. Tambi\u00e9n dirige la planificaci\u00f3n y la producci\u00f3n de los informativos meteorol\u00f3gicos para todo el duopolio con NBC10\/WCAU. En su cargo actual, Hern\u00e1ndez ha colaborado estrechamente con WNJU a lo largo de los a\u00f1os en una amplia variedad de noticias, entre las que se incluyen la recuperaci\u00f3n de Puerto Rico tras el hurac\u00e1n Mar\u00eda, el brote de COVID-19, las elecciones de Nueva Jersey y la persecuci\u00f3n del presunto asesino Luigi Mangione. Se incorpor\u00f3 a WWSI en 2017 como subdirectora de noticias, procedente de Telemundo Puerto Rico\/WKAQ en San Juan, donde trabaj\u00f3 durante quince a\u00f1os como productora ejecutiva y productora. Comenz\u00f3 su carrera profesional en 2001 como asistente de producci\u00f3n en Univision Puerto Rico.<\/p>\n\n\n\n<p>\u201cEste es un momento emocionante y verdaderamente incre\u00edble para m\u00ed. Durante casi una d\u00e9cada, he trabajado junto a un grupo extraordinario de periodistas en WWSI y WCAU que ponen todo su coraz\u00f3n y alma en su trabajo, al servicio de una comunidad sin igual. He aprendido much\u00edsimo de ellos,\u201d afirm\u00f3 Hern\u00e1ndez. \u201cEsta oportunidad me permite cumplir el sue\u00f1o de mi vida. Entrar en el 30 Rock en mi primer d\u00eda como directora de informativos ser\u00e1 un momento significativo, al que me enfrento con humildad, honor y gratitud.\u201d<\/p>\n\n\n\n<p>Ana Hern\u00e1ndez es licenciada en Periodismo y tiene un m\u00e1ster en Comunicaci\u00f3n y Relaciones P\u00fablicas por la Universidad del Sagrado Coraz\u00f3n de San Juan, Puerto Rico. Est\u00e1 casada y tiene una hija.<\/p>\n\n\n\n<p><strong><u>Sobre de NBC 4 New York \/ WNBC y Telemundo 47 New York \/ WNJU<\/u><\/strong><\/p>\n\n\n\n<p>NBC 4 New York \/ WNBC es la cadena insignia de la divisi\u00f3n NBCUniversal Local de NBCUniversal, que lleva m\u00e1s de 80 a\u00f1os prestando servicio a la zona triestatal de Nueva York. Telemundo 47 \/ WNJU es la cadena de Telemundo de NBCUniversal Local, con m\u00e1s de 60 a\u00f1os de servicio a las comunidades hispanohablantes de Nueva York, Nueva Jersey y Connecticut. Ambas cadenas ofrecen noticias, informaci\u00f3n meteorol\u00f3gica, informaci\u00f3n comunitaria y contenidos originales las 24 horas del d\u00eda, los 7 d\u00edas de la semana, a trav\u00e9s de una amplia cartera multiplataforma que incluye los canales de streaming NBC 4 New York y Telemundo Noreste. En 2025, NBC 4 y Telemundo 47 iniciaron una nueva etapa al compartir una nueva y moderna sala de redacci\u00f3n y espacio de estudios en el 30 Rockefeller Center.<\/p>\n\n\n\n<p>Unidas, las dos cadenas cuentan con periodistas galardonados con los premios Alfred I. duPont-Columbia, Edward R. Murrow y Emmy\u00ae, que se encuentran entre los m\u00e1s destacados de su campo. El I-Team de NBC 4 y Investiga de Telemundo 47 constituyen la unidad de periodismo de investigaci\u00f3n conjunta m\u00e1s grande de Nueva York, y la unidad conjunta de defensa del consumidor Better Get Baquero de NBC 4 y Responde de Telemundo 47 han recuperado m\u00e1s de 20 millones de d\u00f3lares para los consumidores de la zona triestatal. Su equipo meteorol\u00f3gico conjunto Storm Team 4 \/ La Autoridad en El Tiempo est\u00e1 compuesto por el mayor n\u00famero de meteor\u00f3logos del mercado de Nueva York y ha sido certificado por WeatheRate por ofrecer las previsiones meteorol\u00f3gicas locales m\u00e1s precisas de la zona triestatal, utilizando tecnolog\u00eda de vanguardia, como Storm Tracker 4\/TeleDoppler 47, un radar meteorol\u00f3gico Doppler fijo de doble polarizaci\u00f3n de banda S de alta frecuencia.<\/p>\n\n\n\n<p><strong><u>Contacto para los medios:<\/u><\/strong><br>John Durso<br><a href=\"mailto:John.Durso@nbcuni.com\">John.Durso@nbcuni.com<\/a><br><br>Alexandra Trochanowski<br><a href=\"mailto:Alexandra.Trochanowski@nbcuni.com\">Alexandra.Trochanowski@nbcuni.com<\/a><\/p>\n","protected":false},"excerpt":{"rendered":"<p>NUEVA YORK, NY \u2013 24 de marzo de 2026&nbsp;\u2013 Ana Hern\u00e1ndez ha sido nombrada directora de noticias para NBC 4 New York\/WNBC y Telemundo 47\/WNJU. Periodista y especialista en meteorolog\u00eda galardonada con varios premios Emmy\u00ae, Hern\u00e1ndez se incorporar\u00e1 al equipo directivo de estas importantes cadenas de televisi\u00f3n locales a partir del lunes 20 de abril. [&#8230;]<\/p>\n<p><a class=\"btn btn-secondary understrap-read-more-link\" href=\"https:\/\/nbcuniversalnewsgroup.com\/nbculocal\/es\/2026\/03\/24\/nbc-4-new-york-wnbc-y-telemundo-47-wnju-anuncian-la-incorporacion-de-ana-hernandez-como-directora-de-noticias\/\">Read More&#8230;<span class=\"screen-reader-text\"> from NBC 4 New York\/WNBC Y Telemundo 47\/WNJU Anuncian La Incorporaci\u00f3n De Ana Hern\u00e1ndez Como Directora De Noticias<\/span><\/a><\/p>\n","protected":false},"author":3,"featured_media":766,"comment_status":"closed","ping_status":"closed","sticky":false,"template":"","format":"standard","meta":{"jetpack_post_was_ever_published":false,"_jetpack_newsletter_access":"","_jetpack_dont_email_post_to_subs":false,"_jetpack_newsletter_tier_id":0,"_jetpack_memberships_contains_paywalled_content":false,"_jetpack_memberships_contains_paid_content":false,"footnotes":""},"categories":[42],"tags":[],"class_list":["post-767","post","type-post","status-publish","format-standard","has-post-thumbnail","hentry","category-telemundo-station-group-es"],"yoast_head":"<!-- This site is optimized with the Yoast SEO plugin v27.4 - https:\/\/yoast.com\/product\/yoast-seo-wordpress\/ -->\n<title>NBC 4 New York\/WNBC Y Telemundo 47\/WNJU Anuncian La Incorporaci\u00f3n De Ana Hern\u00e1ndez Como Directora De Noticias - NBCU Local<\/title>\n<meta name=\"robots\" content=\"index, follow, max-snippet:-1, max-image-preview:large, max-video-preview:-1\" \/>\n<link rel=\"canonical\" href=\"https:\/\/nbcuniversalnewsgroup.com\/nbculocal\/es\/2026\/03\/24\/nbc-4-new-york-wnbc-y-telemundo-47-wnju-anuncian-la-incorporacion-de-ana-hernandez-como-directora-de-noticias\/\" \/>\n<meta property=\"og:locale\" content=\"en_US\" \/>\n<meta property=\"og:type\" content=\"article\" \/>\n<meta property=\"og:title\" content=\"NBC 4 New York\/WNBC Y Telemundo 47\/WNJU Anuncian La Incorporaci\u00f3n De Ana Hern\u00e1ndez Como Directora De Noticias - NBCU Local\" \/>\n<meta property=\"og:description\" content=\"NUEVA YORK, NY \u2013 24 de marzo de 2026&nbsp;\u2013 Ana Hern\u00e1ndez ha sido nombrada directora de noticias para NBC 4 New York\/WNBC y Telemundo 47\/WNJU. Periodista y especialista en meteorolog\u00eda galardonada con varios premios Emmy\u00ae, Hern\u00e1ndez se incorporar\u00e1 al equipo directivo de estas importantes cadenas de televisi\u00f3n locales a partir del lunes 20 de abril. [...]Read More... from NBC 4 New York\/WNBC Y Telemundo 47\/WNJU Anuncian La Incorporaci\u00f3n De Ana Hern\u00e1ndez Como Directora De Noticias\" \/>\n<meta property=\"og:url\" content=\"https:\/\/nbcuniversalnewsgroup.com\/nbculocal\/es\/2026\/03\/24\/nbc-4-new-york-wnbc-y-telemundo-47-wnju-anuncian-la-incorporacion-de-ana-hernandez-como-directora-de-noticias\/\" \/>\n<meta property=\"og:site_name\" content=\"NBCU Local\" \/>\n<meta property=\"article:published_time\" content=\"2026-03-24T01:49:32+00:00\" \/>\n<meta property=\"article:modified_time\" content=\"2026-03-26T01:57:16+00:00\" \/>\n<meta property=\"og:image\" content=\"https:\/\/nbcuniversalnewsgroup.com\/nbculocal\/wp-content\/uploads\/sites\/8\/2026\/03\/News-Group-Press-Release-Featured-Image-47.png\" \/>\n\t<meta property=\"og:image:width\" content=\"1038\" \/>\n\t<meta property=\"og:image:height\" content=\"576\" \/>\n\t<meta property=\"og:image:type\" content=\"image\/png\" \/>\n<meta name=\"author\" content=\"NBCUniversal News Group\" \/>\n<meta name=\"twitter:card\" content=\"summary_large_image\" \/>\n<meta name=\"twitter:creator\" content=\"@NBCULocalPR\" \/>\n<meta name=\"twitter:site\" content=\"@NBCULocalPR\" \/>\n<meta name=\"twitter:label1\" content=\"Written by\" \/>\n\t<meta name=\"twitter:data1\" content=\"NBCUniversal News Group\" \/>\n\t<meta name=\"twitter:label2\" content=\"Est. reading time\" \/>\n\t<meta name=\"twitter:data2\" content=\"4 minutes\" \/>\n<script type=\"application\/ld+json\" class=\"yoast-schema-graph\">{\"@context\":\"https:\\\/\\\/schema.org\",\"@graph\":[{\"@type\":\"Article\",\"@id\":\"https:\\\/\\\/nbcuniversalnewsgroup.com\\\/nbculocal\\\/es\\\/2026\\\/03\\\/24\\\/nbc-4-new-york-wnbc-y-telemundo-47-wnju-anuncian-la-incorporacion-de-ana-hernandez-como-directora-de-noticias\\\/#article\",\"isPartOf\":{\"@id\":\"https:\\\/\\\/nbcuniversalnewsgroup.com\\\/nbculocal\\\/es\\\/2026\\\/03\\\/24\\\/nbc-4-new-york-wnbc-y-telemundo-47-wnju-anuncian-la-incorporacion-de-ana-hernandez-como-directora-de-noticias\\\/\"},\"author\":{\"name\":\"NBCUniversal News Group\",\"@id\":\"https:\\\/\\\/nbcuniversalnewsgroup.com\\\/nbculocal\\\/#\\\/schema\\\/person\\\/71375f95e907cc09385448ec02f6937f\"},\"headline\":\"NBC 4 New York\\\/WNBC Y Telemundo 47\\\/WNJU Anuncian La Incorporaci\u00f3n De Ana Hern\u00e1ndez Como Directora De Noticias\",\"datePublished\":\"2026-03-24T01:49:32+00:00\",\"dateModified\":\"2026-03-26T01:57:16+00:00\",\"mainEntityOfPage\":{\"@id\":\"https:\\\/\\\/nbcuniversalnewsgroup.com\\\/nbculocal\\\/es\\\/2026\\\/03\\\/24\\\/nbc-4-new-york-wnbc-y-telemundo-47-wnju-anuncian-la-incorporacion-de-ana-hernandez-como-directora-de-noticias\\\/\"},\"wordCount\":774,\"publisher\":{\"@id\":\"https:\\\/\\\/nbcuniversalnewsgroup.com\\\/nbculocal\\\/#organization\"},\"image\":{\"@id\":\"https:\\\/\\\/nbcuniversalnewsgroup.com\\\/nbculocal\\\/es\\\/2026\\\/03\\\/24\\\/nbc-4-new-york-wnbc-y-telemundo-47-wnju-anuncian-la-incorporacion-de-ana-hernandez-como-directora-de-noticias\\\/#primaryimage\"},\"thumbnailUrl\":\"https:\\\/\\\/i0.wp.com\\\/nbcuniversalnewsgroup.com\\\/nbculocal\\\/wp-content\\\/uploads\\\/sites\\\/8\\\/2026\\\/03\\\/News-Group-Press-Release-Featured-Image-47.png?fit=1038%2C576&ssl=1\",\"articleSection\":[\"Telemundo Station Group (ES)\"],\"inLanguage\":\"en-US\"},{\"@type\":\"WebPage\",\"@id\":\"https:\\\/\\\/nbcuniversalnewsgroup.com\\\/nbculocal\\\/es\\\/2026\\\/03\\\/24\\\/nbc-4-new-york-wnbc-y-telemundo-47-wnju-anuncian-la-incorporacion-de-ana-hernandez-como-directora-de-noticias\\\/\",\"url\":\"https:\\\/\\\/nbcuniversalnewsgroup.com\\\/nbculocal\\\/es\\\/2026\\\/03\\\/24\\\/nbc-4-new-york-wnbc-y-telemundo-47-wnju-anuncian-la-incorporacion-de-ana-hernandez-como-directora-de-noticias\\\/\",\"name\":\"NBC 4 New York\\\/WNBC Y Telemundo 47\\\/WNJU Anuncian La Incorporaci\u00f3n De Ana Hern\u00e1ndez Como Directora De Noticias - NBCU Local\",\"isPartOf\":{\"@id\":\"https:\\\/\\\/nbcuniversalnewsgroup.com\\\/nbculocal\\\/#website\"},\"primaryImageOfPage\":{\"@id\":\"https:\\\/\\\/nbcuniversalnewsgroup.com\\\/nbculocal\\\/es\\\/2026\\\/03\\\/24\\\/nbc-4-new-york-wnbc-y-telemundo-47-wnju-anuncian-la-incorporacion-de-ana-hernandez-como-directora-de-noticias\\\/#primaryimage\"},\"image\":{\"@id\":\"https:\\\/\\\/nbcuniversalnewsgroup.com\\\/nbculocal\\\/es\\\/2026\\\/03\\\/24\\\/nbc-4-new-york-wnbc-y-telemundo-47-wnju-anuncian-la-incorporacion-de-ana-hernandez-como-directora-de-noticias\\\/#primaryimage\"},\"thumbnailUrl\":\"https:\\\/\\\/i0.wp.com\\\/nbcuniversalnewsgroup.com\\\/nbculocal\\\/wp-content\\\/uploads\\\/sites\\\/8\\\/2026\\\/03\\\/News-Group-Press-Release-Featured-Image-47.png?fit=1038%2C576&ssl=1\",\"datePublished\":\"2026-03-24T01:49:32+00:00\",\"dateModified\":\"2026-03-26T01:57:16+00:00\",\"breadcrumb\":{\"@id\":\"https:\\\/\\\/nbcuniversalnewsgroup.com\\\/nbculocal\\\/es\\\/2026\\\/03\\\/24\\\/nbc-4-new-york-wnbc-y-telemundo-47-wnju-anuncian-la-incorporacion-de-ana-hernandez-como-directora-de-noticias\\\/#breadcrumb\"},\"inLanguage\":\"en-US\",\"potentialAction\":[{\"@type\":\"ReadAction\",\"target\":[\"https:\\\/\\\/nbcuniversalnewsgroup.com\\\/nbculocal\\\/es\\\/2026\\\/03\\\/24\\\/nbc-4-new-york-wnbc-y-telemundo-47-wnju-anuncian-la-incorporacion-de-ana-hernandez-como-directora-de-noticias\\\/\"]}]},{\"@type\":\"ImageObject\",\"inLanguage\":\"en-US\",\"@id\":\"https:\\\/\\\/nbcuniversalnewsgroup.com\\\/nbculocal\\\/es\\\/2026\\\/03\\\/24\\\/nbc-4-new-york-wnbc-y-telemundo-47-wnju-anuncian-la-incorporacion-de-ana-hernandez-como-directora-de-noticias\\\/#primaryimage\",\"url\":\"https:\\\/\\\/i0.wp.com\\\/nbcuniversalnewsgroup.com\\\/nbculocal\\\/wp-content\\\/uploads\\\/sites\\\/8\\\/2026\\\/03\\\/News-Group-Press-Release-Featured-Image-47.png?fit=1038%2C576&ssl=1\",\"contentUrl\":\"https:\\\/\\\/i0.wp.com\\\/nbcuniversalnewsgroup.com\\\/nbculocal\\\/wp-content\\\/uploads\\\/sites\\\/8\\\/2026\\\/03\\\/News-Group-Press-Release-Featured-Image-47.png?fit=1038%2C576&ssl=1\",\"width\":1038,\"height\":576},{\"@type\":\"BreadcrumbList\",\"@id\":\"https:\\\/\\\/nbcuniversalnewsgroup.com\\\/nbculocal\\\/es\\\/2026\\\/03\\\/24\\\/nbc-4-new-york-wnbc-y-telemundo-47-wnju-anuncian-la-incorporacion-de-ana-hernandez-como-directora-de-noticias\\\/#breadcrumb\",\"itemListElement\":[{\"@type\":\"ListItem\",\"position\":1,\"name\":\"Home\",\"item\":\"https:\\\/\\\/nbcuniversalnewsgroup.com\\\/nbculocal\\\/\"},{\"@type\":\"ListItem\",\"position\":2,\"name\":\"NBC 4 New York\\\/WNBC Y Telemundo 47\\\/WNJU Anuncian La Incorporaci\u00f3n De Ana Hern\u00e1ndez Como Directora De Noticias\"}]},{\"@type\":\"WebSite\",\"@id\":\"https:\\\/\\\/nbcuniversalnewsgroup.com\\\/nbculocal\\\/#website\",\"url\":\"https:\\\/\\\/nbcuniversalnewsgroup.com\\\/nbculocal\\\/\",\"name\":\"NBCU Local\",\"description\":\"NBCUniversal Local, a division of NBCUniversal News Group, is comprised of more than 50 media properties, including local English- and Spanish-language television stations and regional sports networks, that serve audiences in 30 U.S. markets and Puerto Rico comprehensive news, weather, consumer and investigative reporting, lifestyle and entertainment content, and live sports across television, streaming and digital media platforms.\",\"publisher\":{\"@id\":\"https:\\\/\\\/nbcuniversalnewsgroup.com\\\/nbculocal\\\/#organization\"},\"potentialAction\":[{\"@type\":\"SearchAction\",\"target\":{\"@type\":\"EntryPoint\",\"urlTemplate\":\"https:\\\/\\\/nbcuniversalnewsgroup.com\\\/nbculocal\\\/?s={search_term_string}\"},\"query-input\":{\"@type\":\"PropertyValueSpecification\",\"valueRequired\":true,\"valueName\":\"search_term_string\"}}],\"inLanguage\":\"en-US\"},{\"@type\":\"Organization\",\"@id\":\"https:\\\/\\\/nbcuniversalnewsgroup.com\\\/nbculocal\\\/#organization\",\"name\":\"NBCU Local\",\"url\":\"https:\\\/\\\/nbcuniversalnewsgroup.com\\\/nbculocal\\\/\",\"logo\":{\"@type\":\"ImageObject\",\"inLanguage\":\"en-US\",\"@id\":\"https:\\\/\\\/nbcuniversalnewsgroup.com\\\/nbculocal\\\/#\\\/schema\\\/logo\\\/image\\\/\",\"url\":\"https:\\\/\\\/nbcuniversalnewsgroup.com\\\/nbculocal\\\/wp-content\\\/uploads\\\/sites\\\/8\\\/2024\\\/03\\\/nbcu-local-feature.png\",\"contentUrl\":\"https:\\\/\\\/nbcuniversalnewsgroup.com\\\/nbculocal\\\/wp-content\\\/uploads\\\/sites\\\/8\\\/2024\\\/03\\\/nbcu-local-feature.png\",\"width\":1038,\"height\":576,\"caption\":\"NBCU Local\"},\"image\":{\"@id\":\"https:\\\/\\\/nbcuniversalnewsgroup.com\\\/nbculocal\\\/#\\\/schema\\\/logo\\\/image\\\/\"},\"sameAs\":[\"https:\\\/\\\/x.com\\\/NBCULocalPR\",\"https:\\\/\\\/www.linkedin.com\\\/company\\\/nbcuniversallocal\"]},{\"@type\":\"Person\",\"@id\":\"https:\\\/\\\/nbcuniversalnewsgroup.com\\\/nbculocal\\\/#\\\/schema\\\/person\\\/71375f95e907cc09385448ec02f6937f\",\"name\":\"NBCUniversal News Group\",\"image\":{\"@type\":\"ImageObject\",\"inLanguage\":\"en-US\",\"@id\":\"https:\\\/\\\/secure.gravatar.com\\\/avatar\\\/e10e6d3cbbefdce7f5e6bb676ab54cd85e88d8109192053eb487cc96406e49b0?s=96&d=mm&r=g\",\"url\":\"https:\\\/\\\/secure.gravatar.com\\\/avatar\\\/e10e6d3cbbefdce7f5e6bb676ab54cd85e88d8109192053eb487cc96406e49b0?s=96&d=mm&r=g\",\"contentUrl\":\"https:\\\/\\\/secure.gravatar.com\\\/avatar\\\/e10e6d3cbbefdce7f5e6bb676ab54cd85e88d8109192053eb487cc96406e49b0?s=96&d=mm&r=g\",\"caption\":\"NBCUniversal News Group\"},\"url\":\"https:\\\/\\\/nbcuniversalnewsgroup.com\\\/nbculocal\\\/author\\\/trasaterra\\\/\"}]}<\/script>\n<!-- \/ Yoast SEO plugin. -->","yoast_head_json":{"title":"NBC 4 New York\/WNBC Y Telemundo 47\/WNJU Anuncian La Incorporaci\u00f3n De Ana Hern\u00e1ndez Como Directora De Noticias - NBCU Local","robots":{"index":"index","follow":"follow","max-snippet":"max-snippet:-1","max-image-preview":"max-image-preview:large","max-video-preview":"max-video-preview:-1"},"canonical":"https:\/\/nbcuniversalnewsgroup.com\/nbculocal\/es\/2026\/03\/24\/nbc-4-new-york-wnbc-y-telemundo-47-wnju-anuncian-la-incorporacion-de-ana-hernandez-como-directora-de-noticias\/","og_locale":"en_US","og_type":"article","og_title":"NBC 4 New York\/WNBC Y Telemundo 47\/WNJU Anuncian La Incorporaci\u00f3n De Ana Hern\u00e1ndez Como Directora De Noticias - NBCU Local","og_description":"NUEVA YORK, NY \u2013 24 de marzo de 2026&nbsp;\u2013 Ana Hern\u00e1ndez ha sido nombrada directora de noticias para NBC 4 New York\/WNBC y Telemundo 47\/WNJU. Periodista y especialista en meteorolog\u00eda galardonada con varios premios Emmy\u00ae, Hern\u00e1ndez se incorporar\u00e1 al equipo directivo de estas importantes cadenas de televisi\u00f3n locales a partir del lunes 20 de abril. [...]Read More... from NBC 4 New York\/WNBC Y Telemundo 47\/WNJU Anuncian La Incorporaci\u00f3n De Ana Hern\u00e1ndez Como Directora De Noticias","og_url":"https:\/\/nbcuniversalnewsgroup.com\/nbculocal\/es\/2026\/03\/24\/nbc-4-new-york-wnbc-y-telemundo-47-wnju-anuncian-la-incorporacion-de-ana-hernandez-como-directora-de-noticias\/","og_site_name":"NBCU Local","article_published_time":"2026-03-24T01:49:32+00:00","article_modified_time":"2026-03-26T01:57:16+00:00","og_image":[{"width":1038,"height":576,"url":"https:\/\/nbcuniversalnewsgroup.com\/nbculocal\/wp-content\/uploads\/sites\/8\/2026\/03\/News-Group-Press-Release-Featured-Image-47.png","type":"image\/png"}],"author":"NBCUniversal News Group","twitter_card":"summary_large_image","twitter_creator":"@NBCULocalPR","twitter_site":"@NBCULocalPR","twitter_misc":{"Written by":"NBCUniversal News Group","Est. reading time":"4 minutes"},"schema":{"@context":"https:\/\/schema.org","@graph":[{"@type":"Article","@id":"https:\/\/nbcuniversalnewsgroup.com\/nbculocal\/es\/2026\/03\/24\/nbc-4-new-york-wnbc-y-telemundo-47-wnju-anuncian-la-incorporacion-de-ana-hernandez-como-directora-de-noticias\/#article","isPartOf":{"@id":"https:\/\/nbcuniversalnewsgroup.com\/nbculocal\/es\/2026\/03\/24\/nbc-4-new-york-wnbc-y-telemundo-47-wnju-anuncian-la-incorporacion-de-ana-hernandez-como-directora-de-noticias\/"},"author":{"name":"NBCUniversal News Group","@id":"https:\/\/nbcuniversalnewsgroup.com\/nbculocal\/#\/schema\/person\/71375f95e907cc09385448ec02f6937f"},"headline":"NBC 4 New York\/WNBC Y Telemundo 47\/WNJU Anuncian La Incorporaci\u00f3n De Ana Hern\u00e1ndez Como Directora De Noticias","datePublished":"2026-03-24T01:49:32+00:00","dateModified":"2026-03-26T01:57:16+00:00","mainEntityOfPage":{"@id":"https:\/\/nbcuniversalnewsgroup.com\/nbculocal\/es\/2026\/03\/24\/nbc-4-new-york-wnbc-y-telemundo-47-wnju-anuncian-la-incorporacion-de-ana-hernandez-como-directora-de-noticias\/"},"wordCount":774,"publisher":{"@id":"https:\/\/nbcuniversalnewsgroup.com\/nbculocal\/#organization"},"image":{"@id":"https:\/\/nbcuniversalnewsgroup.com\/nbculocal\/es\/2026\/03\/24\/nbc-4-new-york-wnbc-y-telemundo-47-wnju-anuncian-la-incorporacion-de-ana-hernandez-como-directora-de-noticias\/#primaryimage"},"thumbnailUrl":"https:\/\/i0.wp.com\/nbcuniversalnewsgroup.com\/nbculocal\/wp-content\/uploads\/sites\/8\/2026\/03\/News-Group-Press-Release-Featured-Image-47.png?fit=1038%2C576&ssl=1","articleSection":["Telemundo Station Group (ES)"],"inLanguage":"en-US"},{"@type":"WebPage","@id":"https:\/\/nbcuniversalnewsgroup.com\/nbculocal\/es\/2026\/03\/24\/nbc-4-new-york-wnbc-y-telemundo-47-wnju-anuncian-la-incorporacion-de-ana-hernandez-como-directora-de-noticias\/","url":"https:\/\/nbcuniversalnewsgroup.com\/nbculocal\/es\/2026\/03\/24\/nbc-4-new-york-wnbc-y-telemundo-47-wnju-anuncian-la-incorporacion-de-ana-hernandez-como-directora-de-noticias\/","name":"NBC 4 New York\/WNBC Y Telemundo 47\/WNJU Anuncian La Incorporaci\u00f3n De Ana Hern\u00e1ndez Como Directora De Noticias - NBCU Local","isPartOf":{"@id":"https:\/\/nbcuniversalnewsgroup.com\/nbculocal\/#website"},"primaryImageOfPage":{"@id":"https:\/\/nbcuniversalnewsgroup.com\/nbculocal\/es\/2026\/03\/24\/nbc-4-new-york-wnbc-y-telemundo-47-wnju-anuncian-la-incorporacion-de-ana-hernandez-como-directora-de-noticias\/#primaryimage"},"image":{"@id":"https:\/\/nbcuniversalnewsgroup.com\/nbculocal\/es\/2026\/03\/24\/nbc-4-new-york-wnbc-y-telemundo-47-wnju-anuncian-la-incorporacion-de-ana-hernandez-como-directora-de-noticias\/#primaryimage"},"thumbnailUrl":"https:\/\/i0.wp.com\/nbcuniversalnewsgroup.com\/nbculocal\/wp-content\/uploads\/sites\/8\/2026\/03\/News-Group-Press-Release-Featured-Image-47.png?fit=1038%2C576&ssl=1","datePublished":"2026-03-24T01:49:32+00:00","dateModified":"2026-03-26T01:57:16+00:00","breadcrumb":{"@id":"https:\/\/nbcuniversalnewsgroup.com\/nbculocal\/es\/2026\/03\/24\/nbc-4-new-york-wnbc-y-telemundo-47-wnju-anuncian-la-incorporacion-de-ana-hernandez-como-directora-de-noticias\/#breadcrumb"},"inLanguage":"en-US","potentialAction":[{"@type":"ReadAction","target":["https:\/\/nbcuniversalnewsgroup.com\/nbculocal\/es\/2026\/03\/24\/nbc-4-new-york-wnbc-y-telemundo-47-wnju-anuncian-la-incorporacion-de-ana-hernandez-como-directora-de-noticias\/"]}]},{"@type":"ImageObject","inLanguage":"en-US","@id":"https:\/\/nbcuniversalnewsgroup.com\/nbculocal\/es\/2026\/03\/24\/nbc-4-new-york-wnbc-y-telemundo-47-wnju-anuncian-la-incorporacion-de-ana-hernandez-como-directora-de-noticias\/#primaryimage","url":"https:\/\/i0.wp.com\/nbcuniversalnewsgroup.com\/nbculocal\/wp-content\/uploads\/sites\/8\/2026\/03\/News-Group-Press-Release-Featured-Image-47.png?fit=1038%2C576&ssl=1","contentUrl":"https:\/\/i0.wp.com\/nbcuniversalnewsgroup.com\/nbculocal\/wp-content\/uploads\/sites\/8\/2026\/03\/News-Group-Press-Release-Featured-Image-47.png?fit=1038%2C576&ssl=1","width":1038,"height":576},{"@type":"BreadcrumbList","@id":"https:\/\/nbcuniversalnewsgroup.com\/nbculocal\/es\/2026\/03\/24\/nbc-4-new-york-wnbc-y-telemundo-47-wnju-anuncian-la-incorporacion-de-ana-hernandez-como-directora-de-noticias\/#breadcrumb","itemListElement":[{"@type":"ListItem","position":1,"name":"Home","item":"https:\/\/nbcuniversalnewsgroup.com\/nbculocal\/"},{"@type":"ListItem","position":2,"name":"NBC 4 New York\/WNBC Y Telemundo 47\/WNJU Anuncian La Incorporaci\u00f3n De Ana Hern\u00e1ndez Como Directora De Noticias"}]},{"@type":"WebSite","@id":"https:\/\/nbcuniversalnewsgroup.com\/nbculocal\/#website","url":"https:\/\/nbcuniversalnewsgroup.com\/nbculocal\/","name":"NBCU Local","description":"NBCUniversal Local, a division of NBCUniversal News Group, is comprised of more than 50 media properties, including local English- and Spanish-language television stations and regional sports networks, that serve audiences in 30 U.S. markets and Puerto Rico comprehensive news, weather, consumer and investigative reporting, lifestyle and entertainment content, and live sports across television, streaming and digital media platforms.","publisher":{"@id":"https:\/\/nbcuniversalnewsgroup.com\/nbculocal\/#organization"},"potentialAction":[{"@type":"SearchAction","target":{"@type":"EntryPoint","urlTemplate":"https:\/\/nbcuniversalnewsgroup.com\/nbculocal\/?s={search_term_string}"},"query-input":{"@type":"PropertyValueSpecification","valueRequired":true,"valueName":"search_term_string"}}],"inLanguage":"en-US"},{"@type":"Organization","@id":"https:\/\/nbcuniversalnewsgroup.com\/nbculocal\/#organization","name":"NBCU Local","url":"https:\/\/nbcuniversalnewsgroup.com\/nbculocal\/","logo":{"@type":"ImageObject","inLanguage":"en-US","@id":"https:\/\/nbcuniversalnewsgroup.com\/nbculocal\/#\/schema\/logo\/image\/","url":"https:\/\/nbcuniversalnewsgroup.com\/nbculocal\/wp-content\/uploads\/sites\/8\/2024\/03\/nbcu-local-feature.png","contentUrl":"https:\/\/nbcuniversalnewsgroup.com\/nbculocal\/wp-content\/uploads\/sites\/8\/2024\/03\/nbcu-local-feature.png","width":1038,"height":576,"caption":"NBCU Local"},"image":{"@id":"https:\/\/nbcuniversalnewsgroup.com\/nbculocal\/#\/schema\/logo\/image\/"},"sameAs":["https:\/\/x.com\/NBCULocalPR","https:\/\/www.linkedin.com\/company\/nbcuniversallocal"]},{"@type":"Person","@id":"https:\/\/nbcuniversalnewsgroup.com\/nbculocal\/#\/schema\/person\/71375f95e907cc09385448ec02f6937f","name":"NBCUniversal News Group","image":{"@type":"ImageObject","inLanguage":"en-US","@id":"https:\/\/secure.gravatar.com\/avatar\/e10e6d3cbbefdce7f5e6bb676ab54cd85e88d8109192053eb487cc96406e49b0?s=96&d=mm&r=g","url":"https:\/\/secure.gravatar.com\/avatar\/e10e6d3cbbefdce7f5e6bb676ab54cd85e88d8109192053eb487cc96406e49b0?s=96&d=mm&r=g","contentUrl":"https:\/\/secure.gravatar.com\/avatar\/e10e6d3cbbefdce7f5e6bb676ab54cd85e88d8109192053eb487cc96406e49b0?s=96&d=mm&r=g","caption":"NBCUniversal News Group"},"url":"https:\/\/nbcuniversalnewsgroup.com\/nbculocal\/author\/trasaterra\/"}]}},"jetpack_featured_media_url":"https:\/\/i0.wp.com\/nbcuniversalnewsgroup.com\/nbculocal\/wp-content\/uploads\/sites\/8\/2026\/03\/News-Group-Press-Release-Featured-Image-47.png?fit=1038%2C576&ssl=1","jetpack_sharing_enabled":true,"_links":{"self":[{"href":"https:\/\/nbcuniversalnewsgroup.com\/nbculocal\/wp-json\/wp\/v2\/posts\/767","targetHints":{"allow":["GET"]}}],"collection":[{"href":"https:\/\/nbcuniversalnewsgroup.com\/nbculocal\/wp-json\/wp\/v2\/posts"}],"about":[{"href":"https:\/\/nbcuniversalnewsgroup.com\/nbculocal\/wp-json\/wp\/v2\/types\/post"}],"author":[{"embeddable":true,"href":"https:\/\/nbcuniversalnewsgroup.com\/nbculocal\/wp-json\/wp\/v2\/users\/3"}],"replies":[{"embeddable":true,"href":"https:\/\/nbcuniversalnewsgroup.com\/nbculocal\/wp-json\/wp\/v2\/comments?post=767"}],"version-history":[{"count":0,"href":"https:\/\/nbcuniversalnewsgroup.com\/nbculocal\/wp-json\/wp\/v2\/posts\/767\/revisions"}],"wp:featuredmedia":[{"embeddable":true,"href":"https:\/\/nbcuniversalnewsgroup.com\/nbculocal\/wp-json\/wp\/v2\/media\/766"}],"wp:attachment":[{"href":"https:\/\/nbcuniversalnewsgroup.com\/nbculocal\/wp-json\/wp\/v2\/media?parent=767"}],"wp:term":[{"taxonomy":"category","embeddable":true,"href":"https:\/\/nbcuniversalnewsgroup.com\/nbculocal\/wp-json\/wp\/v2\/categories?post=767"},{"taxonomy":"post_tag","embeddable":true,"href":"https:\/\/nbcuniversalnewsgroup.com\/nbculocal\/wp-json\/wp\/v2\/tags?post=767"}],"curies":[{"name":"wp","href":"https:\/\/api.w.org\/{rel}","templated":true}]}}