{"id":698,"date":"2026-01-20T15:36:41","date_gmt":"2026-01-20T15:36:41","guid":{"rendered":"https:\/\/nbcuniversalnewsgroup.com\/nbculocal\/?p=698"},"modified":"2026-01-20T15:38:15","modified_gmt":"2026-01-20T15:38:15","slug":"telemundo-39-dallas-incorpora-a-jorge-almaraz-al-equipo-de-presentadores","status":"publish","type":"post","link":"https:\/\/nbcuniversalnewsgroup.com\/nbculocal\/es\/2026\/01\/20\/telemundo-39-dallas-incorpora-a-jorge-almaraz-al-equipo-de-presentadores\/","title":{"rendered":"Telemundo 39 Dallas Incorpora a Jorge Almaraz Al Equipo De Presentadores"},"content":{"rendered":"\n<p><\/p>\n\n\n\n<p><strong>FT. WORTH, Texas \u2013 20 de enero de 2026<\/strong>&nbsp;\u2013 Telemundo 39 Dallas \/ KXTX, parte de Telemundo Station Group de NBCU Local, anunci\u00f3 que el galardonado periodista&nbsp;<strong>Jorge Almaraz<\/strong>&nbsp;se ha unido a su equipo de presentadores. Almaraz ser\u00e1 co-presentador de&nbsp;<em>Noticiero Telemundo 39<\/em>&nbsp;de lunes a viernes a las 5 p.m. y a las 10 p.m.<\/p>\n\n\n\n<p>Almaraz, quien cuenta con m\u00e1s de tres d\u00e9cadas de experiencia en periodismo televisivo y radiof\u00f3nico, llega a Telemundo 39 desde Telemundo 40 Rio Grande Valley en McAllen, Texas, donde se desempe\u00f1\u00f3 como presentador principal desde 2020.<\/p>\n\n\n\n<p>\u201cJorge es un periodista excepcional cuya experiencia y pasi\u00f3n por contar historias fortalecer\u00e1n nuestro compromiso de ofrecer noticias de alta calidad a nuestra audiencia y de servir a nuestras comunidades\u201d, dijo Rossyris Silva, vicepresidenta de noticias para Telemundo 39 Dallas. \u201cEstamos encantados de darle la bienvenida a nuestro talentoso y dedicado equipo de redacci\u00f3n.\u201d<\/p>\n\n\n\n<p>Anteriormente, Almaraz ocup\u00f3 cargos clave en varias estaciones de Televisa en M\u00e9xico, entre ellos director de noticieros, corresponsal nacional y presentador principal. Su trayectoria abarca producci\u00f3n de noticias, reportajes y conducci\u00f3n en importantes mercados televisivos como Le\u00f3n, Monterrey y Ciudad Ju\u00e1rez.<\/p>\n\n\n\n<p>Originario de Ciudad de M\u00e9xico, Almaraz cuenta con una licenciatura en Ciencias de la Comunicaci\u00f3n por la Universidad La Salle en Le\u00f3n, Guanajuato. Su trabajo le ha valido numerosos reconocimientos, incluidos m\u00faltiples premios Lone Star Regional Emmy, un premio Edward R. Murrow y premios Telly.<\/p>\n\n\n\n<p><strong>Acerca de Telemundo 39 \/ KXTX<\/strong><br>Telemundo 39 \/ KXTX es la estaci\u00f3n local de Telemundo que atiende a la comunidad hispanohablante en todo el norte de Texas. Propiedad de NBCUniversal, Telemundo 39 ofrece noticias locales de \u00faltima hora, clima, entretenimiento y programaci\u00f3n deportiva galardonada a trav\u00e9s de m\u00faltiples plataformas, incluyendo su se\u00f1al al aire, su sitio web\u00a0Telemundo39.com, su aplicaci\u00f3n m\u00f3vil y canales de redes sociales.<\/p>\n\n\n\n<p>###\u202f<\/p>\n\n\n\n<p><strong>CONTACTO PARA MEDIOS<\/strong><br>Bernadette Valles<br><a href=\"mailto:Bernadette.Valles@nbcuni.com\">Bernadette.Valles@nbcuni.com<\/a><\/p>\n","protected":false},"excerpt":{"rendered":"<p>FT. WORTH, Texas \u2013 20 de enero de 2026&nbsp;\u2013 Telemundo 39 Dallas \/ KXTX, parte de Telemundo Station Group de NBCU Local, anunci\u00f3 que el galardonado periodista&nbsp;Jorge Almaraz&nbsp;se ha unido a su equipo de presentadores. Almaraz ser\u00e1 co-presentador de&nbsp;Noticiero Telemundo 39&nbsp;de lunes a viernes a las 5 p.m. y a las 10 p.m. Almaraz, quien [&#8230;]<\/p>\n<p><a class=\"btn btn-secondary understrap-read-more-link\" href=\"https:\/\/nbcuniversalnewsgroup.com\/nbculocal\/es\/2026\/01\/20\/telemundo-39-dallas-incorpora-a-jorge-almaraz-al-equipo-de-presentadores\/\">Read More&#8230;<span class=\"screen-reader-text\"> from Telemundo 39 Dallas Incorpora a Jorge Almaraz Al Equipo De Presentadores<\/span><\/a><\/p>\n","protected":false},"author":3,"featured_media":697,"comment_status":"closed","ping_status":"closed","sticky":false,"template":"","format":"standard","meta":{"jetpack_post_was_ever_published":false,"_jetpack_newsletter_access":"","_jetpack_dont_email_post_to_subs":false,"_jetpack_newsletter_tier_id":0,"_jetpack_memberships_contains_paywalled_content":false,"_jetpack_memberships_contains_paid_content":false,"footnotes":""},"categories":[42],"tags":[],"class_list":["post-698","post","type-post","status-publish","format-standard","has-post-thumbnail","hentry","category-telemundo-station-group-es"],"yoast_head":"<!-- This site is optimized with the Yoast SEO plugin v27.4 - https:\/\/yoast.com\/product\/yoast-seo-wordpress\/ -->\n<title>Telemundo 39 Dallas Incorpora a Jorge Almaraz Al Equipo De Presentadores - NBCU Local<\/title>\n<meta name=\"robots\" content=\"index, follow, max-snippet:-1, max-image-preview:large, max-video-preview:-1\" \/>\n<link rel=\"canonical\" href=\"https:\/\/nbcuniversalnewsgroup.com\/nbculocal\/es\/2026\/01\/20\/telemundo-39-dallas-incorpora-a-jorge-almaraz-al-equipo-de-presentadores\/\" \/>\n<meta property=\"og:locale\" content=\"en_US\" \/>\n<meta property=\"og:type\" content=\"article\" \/>\n<meta property=\"og:title\" content=\"Telemundo 39 Dallas Incorpora a Jorge Almaraz Al Equipo De Presentadores - NBCU Local\" \/>\n<meta property=\"og:description\" content=\"FT. WORTH, Texas \u2013 20 de enero de 2026&nbsp;\u2013 Telemundo 39 Dallas \/ KXTX, parte de Telemundo Station Group de NBCU Local, anunci\u00f3 que el galardonado periodista&nbsp;Jorge Almaraz&nbsp;se ha unido a su equipo de presentadores. Almaraz ser\u00e1 co-presentador de&nbsp;Noticiero Telemundo 39&nbsp;de lunes a viernes a las 5 p.m. y a las 10 p.m. Almaraz, quien [...]Read More... from Telemundo 39 Dallas Incorpora a Jorge Almaraz Al Equipo De Presentadores\" \/>\n<meta property=\"og:url\" content=\"https:\/\/nbcuniversalnewsgroup.com\/nbculocal\/es\/2026\/01\/20\/telemundo-39-dallas-incorpora-a-jorge-almaraz-al-equipo-de-presentadores\/\" \/>\n<meta property=\"og:site_name\" content=\"NBCU Local\" \/>\n<meta property=\"article:published_time\" content=\"2026-01-20T15:36:41+00:00\" \/>\n<meta property=\"article:modified_time\" content=\"2026-01-20T15:38:15+00:00\" \/>\n<meta property=\"og:image\" content=\"https:\/\/nbcuniversalnewsgroup.com\/nbculocal\/wp-content\/uploads\/sites\/8\/2026\/01\/News-Group-Press-Release-Featured-Image-42.png\" \/>\n\t<meta property=\"og:image:width\" content=\"1038\" \/>\n\t<meta property=\"og:image:height\" content=\"576\" \/>\n\t<meta property=\"og:image:type\" content=\"image\/png\" \/>\n<meta name=\"author\" content=\"NBCUniversal News Group\" \/>\n<meta name=\"twitter:card\" content=\"summary_large_image\" \/>\n<meta name=\"twitter:creator\" content=\"@NBCULocalPR\" \/>\n<meta name=\"twitter:site\" content=\"@NBCULocalPR\" \/>\n<meta name=\"twitter:label1\" content=\"Written by\" \/>\n\t<meta name=\"twitter:data1\" content=\"NBCUniversal News Group\" \/>\n\t<meta name=\"twitter:label2\" content=\"Est. reading time\" \/>\n\t<meta name=\"twitter:data2\" content=\"2 minutes\" \/>\n<script type=\"application\/ld+json\" class=\"yoast-schema-graph\">{\"@context\":\"https:\\\/\\\/schema.org\",\"@graph\":[{\"@type\":\"Article\",\"@id\":\"https:\\\/\\\/nbcuniversalnewsgroup.com\\\/nbculocal\\\/es\\\/2026\\\/01\\\/20\\\/telemundo-39-dallas-incorpora-a-jorge-almaraz-al-equipo-de-presentadores\\\/#article\",\"isPartOf\":{\"@id\":\"https:\\\/\\\/nbcuniversalnewsgroup.com\\\/nbculocal\\\/es\\\/2026\\\/01\\\/20\\\/telemundo-39-dallas-incorpora-a-jorge-almaraz-al-equipo-de-presentadores\\\/\"},\"author\":{\"name\":\"NBCUniversal News Group\",\"@id\":\"https:\\\/\\\/nbcuniversalnewsgroup.com\\\/nbculocal\\\/#\\\/schema\\\/person\\\/71375f95e907cc09385448ec02f6937f\"},\"headline\":\"Telemundo 39 Dallas Incorpora a Jorge Almaraz Al Equipo De Presentadores\",\"datePublished\":\"2026-01-20T15:36:41+00:00\",\"dateModified\":\"2026-01-20T15:38:15+00:00\",\"mainEntityOfPage\":{\"@id\":\"https:\\\/\\\/nbcuniversalnewsgroup.com\\\/nbculocal\\\/es\\\/2026\\\/01\\\/20\\\/telemundo-39-dallas-incorpora-a-jorge-almaraz-al-equipo-de-presentadores\\\/\"},\"wordCount\":332,\"publisher\":{\"@id\":\"https:\\\/\\\/nbcuniversalnewsgroup.com\\\/nbculocal\\\/#organization\"},\"image\":{\"@id\":\"https:\\\/\\\/nbcuniversalnewsgroup.com\\\/nbculocal\\\/es\\\/2026\\\/01\\\/20\\\/telemundo-39-dallas-incorpora-a-jorge-almaraz-al-equipo-de-presentadores\\\/#primaryimage\"},\"thumbnailUrl\":\"https:\\\/\\\/i0.wp.com\\\/nbcuniversalnewsgroup.com\\\/nbculocal\\\/wp-content\\\/uploads\\\/sites\\\/8\\\/2026\\\/01\\\/News-Group-Press-Release-Featured-Image-42.png?fit=1038%2C576&ssl=1\",\"articleSection\":[\"Telemundo Station Group (ES)\"],\"inLanguage\":\"en-US\"},{\"@type\":\"WebPage\",\"@id\":\"https:\\\/\\\/nbcuniversalnewsgroup.com\\\/nbculocal\\\/es\\\/2026\\\/01\\\/20\\\/telemundo-39-dallas-incorpora-a-jorge-almaraz-al-equipo-de-presentadores\\\/\",\"url\":\"https:\\\/\\\/nbcuniversalnewsgroup.com\\\/nbculocal\\\/es\\\/2026\\\/01\\\/20\\\/telemundo-39-dallas-incorpora-a-jorge-almaraz-al-equipo-de-presentadores\\\/\",\"name\":\"Telemundo 39 Dallas Incorpora a Jorge Almaraz Al Equipo De Presentadores - NBCU Local\",\"isPartOf\":{\"@id\":\"https:\\\/\\\/nbcuniversalnewsgroup.com\\\/nbculocal\\\/#website\"},\"primaryImageOfPage\":{\"@id\":\"https:\\\/\\\/nbcuniversalnewsgroup.com\\\/nbculocal\\\/es\\\/2026\\\/01\\\/20\\\/telemundo-39-dallas-incorpora-a-jorge-almaraz-al-equipo-de-presentadores\\\/#primaryimage\"},\"image\":{\"@id\":\"https:\\\/\\\/nbcuniversalnewsgroup.com\\\/nbculocal\\\/es\\\/2026\\\/01\\\/20\\\/telemundo-39-dallas-incorpora-a-jorge-almaraz-al-equipo-de-presentadores\\\/#primaryimage\"},\"thumbnailUrl\":\"https:\\\/\\\/i0.wp.com\\\/nbcuniversalnewsgroup.com\\\/nbculocal\\\/wp-content\\\/uploads\\\/sites\\\/8\\\/2026\\\/01\\\/News-Group-Press-Release-Featured-Image-42.png?fit=1038%2C576&ssl=1\",\"datePublished\":\"2026-01-20T15:36:41+00:00\",\"dateModified\":\"2026-01-20T15:38:15+00:00\",\"breadcrumb\":{\"@id\":\"https:\\\/\\\/nbcuniversalnewsgroup.com\\\/nbculocal\\\/es\\\/2026\\\/01\\\/20\\\/telemundo-39-dallas-incorpora-a-jorge-almaraz-al-equipo-de-presentadores\\\/#breadcrumb\"},\"inLanguage\":\"en-US\",\"potentialAction\":[{\"@type\":\"ReadAction\",\"target\":[\"https:\\\/\\\/nbcuniversalnewsgroup.com\\\/nbculocal\\\/es\\\/2026\\\/01\\\/20\\\/telemundo-39-dallas-incorpora-a-jorge-almaraz-al-equipo-de-presentadores\\\/\"]}]},{\"@type\":\"ImageObject\",\"inLanguage\":\"en-US\",\"@id\":\"https:\\\/\\\/nbcuniversalnewsgroup.com\\\/nbculocal\\\/es\\\/2026\\\/01\\\/20\\\/telemundo-39-dallas-incorpora-a-jorge-almaraz-al-equipo-de-presentadores\\\/#primaryimage\",\"url\":\"https:\\\/\\\/i0.wp.com\\\/nbcuniversalnewsgroup.com\\\/nbculocal\\\/wp-content\\\/uploads\\\/sites\\\/8\\\/2026\\\/01\\\/News-Group-Press-Release-Featured-Image-42.png?fit=1038%2C576&ssl=1\",\"contentUrl\":\"https:\\\/\\\/i0.wp.com\\\/nbcuniversalnewsgroup.com\\\/nbculocal\\\/wp-content\\\/uploads\\\/sites\\\/8\\\/2026\\\/01\\\/News-Group-Press-Release-Featured-Image-42.png?fit=1038%2C576&ssl=1\",\"width\":1038,\"height\":576},{\"@type\":\"BreadcrumbList\",\"@id\":\"https:\\\/\\\/nbcuniversalnewsgroup.com\\\/nbculocal\\\/es\\\/2026\\\/01\\\/20\\\/telemundo-39-dallas-incorpora-a-jorge-almaraz-al-equipo-de-presentadores\\\/#breadcrumb\",\"itemListElement\":[{\"@type\":\"ListItem\",\"position\":1,\"name\":\"Home\",\"item\":\"https:\\\/\\\/nbcuniversalnewsgroup.com\\\/nbculocal\\\/\"},{\"@type\":\"ListItem\",\"position\":2,\"name\":\"Telemundo 39 Dallas Incorpora a Jorge Almaraz Al Equipo De Presentadores\"}]},{\"@type\":\"WebSite\",\"@id\":\"https:\\\/\\\/nbcuniversalnewsgroup.com\\\/nbculocal\\\/#website\",\"url\":\"https:\\\/\\\/nbcuniversalnewsgroup.com\\\/nbculocal\\\/\",\"name\":\"NBCU Local\",\"description\":\"NBCUniversal Local, a division of NBCUniversal News Group, is comprised of more than 50 media properties, including local English- and Spanish-language television stations and regional sports networks, that serve audiences in 30 U.S. markets and Puerto Rico comprehensive news, weather, consumer and investigative reporting, lifestyle and entertainment content, and live sports across television, streaming and digital media platforms.\",\"publisher\":{\"@id\":\"https:\\\/\\\/nbcuniversalnewsgroup.com\\\/nbculocal\\\/#organization\"},\"potentialAction\":[{\"@type\":\"SearchAction\",\"target\":{\"@type\":\"EntryPoint\",\"urlTemplate\":\"https:\\\/\\\/nbcuniversalnewsgroup.com\\\/nbculocal\\\/?s={search_term_string}\"},\"query-input\":{\"@type\":\"PropertyValueSpecification\",\"valueRequired\":true,\"valueName\":\"search_term_string\"}}],\"inLanguage\":\"en-US\"},{\"@type\":\"Organization\",\"@id\":\"https:\\\/\\\/nbcuniversalnewsgroup.com\\\/nbculocal\\\/#organization\",\"name\":\"NBCU Local\",\"url\":\"https:\\\/\\\/nbcuniversalnewsgroup.com\\\/nbculocal\\\/\",\"logo\":{\"@type\":\"ImageObject\",\"inLanguage\":\"en-US\",\"@id\":\"https:\\\/\\\/nbcuniversalnewsgroup.com\\\/nbculocal\\\/#\\\/schema\\\/logo\\\/image\\\/\",\"url\":\"https:\\\/\\\/nbcuniversalnewsgroup.com\\\/nbculocal\\\/wp-content\\\/uploads\\\/sites\\\/8\\\/2024\\\/03\\\/nbcu-local-feature.png\",\"contentUrl\":\"https:\\\/\\\/nbcuniversalnewsgroup.com\\\/nbculocal\\\/wp-content\\\/uploads\\\/sites\\\/8\\\/2024\\\/03\\\/nbcu-local-feature.png\",\"width\":1038,\"height\":576,\"caption\":\"NBCU Local\"},\"image\":{\"@id\":\"https:\\\/\\\/nbcuniversalnewsgroup.com\\\/nbculocal\\\/#\\\/schema\\\/logo\\\/image\\\/\"},\"sameAs\":[\"https:\\\/\\\/x.com\\\/NBCULocalPR\",\"https:\\\/\\\/www.linkedin.com\\\/company\\\/nbcuniversallocal\"]},{\"@type\":\"Person\",\"@id\":\"https:\\\/\\\/nbcuniversalnewsgroup.com\\\/nbculocal\\\/#\\\/schema\\\/person\\\/71375f95e907cc09385448ec02f6937f\",\"name\":\"NBCUniversal News Group\",\"image\":{\"@type\":\"ImageObject\",\"inLanguage\":\"en-US\",\"@id\":\"https:\\\/\\\/secure.gravatar.com\\\/avatar\\\/e10e6d3cbbefdce7f5e6bb676ab54cd85e88d8109192053eb487cc96406e49b0?s=96&d=mm&r=g\",\"url\":\"https:\\\/\\\/secure.gravatar.com\\\/avatar\\\/e10e6d3cbbefdce7f5e6bb676ab54cd85e88d8109192053eb487cc96406e49b0?s=96&d=mm&r=g\",\"contentUrl\":\"https:\\\/\\\/secure.gravatar.com\\\/avatar\\\/e10e6d3cbbefdce7f5e6bb676ab54cd85e88d8109192053eb487cc96406e49b0?s=96&d=mm&r=g\",\"caption\":\"NBCUniversal News Group\"},\"url\":\"https:\\\/\\\/nbcuniversalnewsgroup.com\\\/nbculocal\\\/author\\\/trasaterra\\\/\"}]}<\/script>\n<!-- \/ Yoast SEO plugin. -->","yoast_head_json":{"title":"Telemundo 39 Dallas Incorpora a Jorge Almaraz Al Equipo De Presentadores - NBCU Local","robots":{"index":"index","follow":"follow","max-snippet":"max-snippet:-1","max-image-preview":"max-image-preview:large","max-video-preview":"max-video-preview:-1"},"canonical":"https:\/\/nbcuniversalnewsgroup.com\/nbculocal\/es\/2026\/01\/20\/telemundo-39-dallas-incorpora-a-jorge-almaraz-al-equipo-de-presentadores\/","og_locale":"en_US","og_type":"article","og_title":"Telemundo 39 Dallas Incorpora a Jorge Almaraz Al Equipo De Presentadores - NBCU Local","og_description":"FT. WORTH, Texas \u2013 20 de enero de 2026&nbsp;\u2013 Telemundo 39 Dallas \/ KXTX, parte de Telemundo Station Group de NBCU Local, anunci\u00f3 que el galardonado periodista&nbsp;Jorge Almaraz&nbsp;se ha unido a su equipo de presentadores. Almaraz ser\u00e1 co-presentador de&nbsp;Noticiero Telemundo 39&nbsp;de lunes a viernes a las 5 p.m. y a las 10 p.m. Almaraz, quien [...]Read More... from Telemundo 39 Dallas Incorpora a Jorge Almaraz Al Equipo De Presentadores","og_url":"https:\/\/nbcuniversalnewsgroup.com\/nbculocal\/es\/2026\/01\/20\/telemundo-39-dallas-incorpora-a-jorge-almaraz-al-equipo-de-presentadores\/","og_site_name":"NBCU Local","article_published_time":"2026-01-20T15:36:41+00:00","article_modified_time":"2026-01-20T15:38:15+00:00","og_image":[{"width":1038,"height":576,"url":"https:\/\/nbcuniversalnewsgroup.com\/nbculocal\/wp-content\/uploads\/sites\/8\/2026\/01\/News-Group-Press-Release-Featured-Image-42.png","type":"image\/png"}],"author":"NBCUniversal News Group","twitter_card":"summary_large_image","twitter_creator":"@NBCULocalPR","twitter_site":"@NBCULocalPR","twitter_misc":{"Written by":"NBCUniversal News Group","Est. reading time":"2 minutes"},"schema":{"@context":"https:\/\/schema.org","@graph":[{"@type":"Article","@id":"https:\/\/nbcuniversalnewsgroup.com\/nbculocal\/es\/2026\/01\/20\/telemundo-39-dallas-incorpora-a-jorge-almaraz-al-equipo-de-presentadores\/#article","isPartOf":{"@id":"https:\/\/nbcuniversalnewsgroup.com\/nbculocal\/es\/2026\/01\/20\/telemundo-39-dallas-incorpora-a-jorge-almaraz-al-equipo-de-presentadores\/"},"author":{"name":"NBCUniversal News Group","@id":"https:\/\/nbcuniversalnewsgroup.com\/nbculocal\/#\/schema\/person\/71375f95e907cc09385448ec02f6937f"},"headline":"Telemundo 39 Dallas Incorpora a Jorge Almaraz Al Equipo De Presentadores","datePublished":"2026-01-20T15:36:41+00:00","dateModified":"2026-01-20T15:38:15+00:00","mainEntityOfPage":{"@id":"https:\/\/nbcuniversalnewsgroup.com\/nbculocal\/es\/2026\/01\/20\/telemundo-39-dallas-incorpora-a-jorge-almaraz-al-equipo-de-presentadores\/"},"wordCount":332,"publisher":{"@id":"https:\/\/nbcuniversalnewsgroup.com\/nbculocal\/#organization"},"image":{"@id":"https:\/\/nbcuniversalnewsgroup.com\/nbculocal\/es\/2026\/01\/20\/telemundo-39-dallas-incorpora-a-jorge-almaraz-al-equipo-de-presentadores\/#primaryimage"},"thumbnailUrl":"https:\/\/i0.wp.com\/nbcuniversalnewsgroup.com\/nbculocal\/wp-content\/uploads\/sites\/8\/2026\/01\/News-Group-Press-Release-Featured-Image-42.png?fit=1038%2C576&ssl=1","articleSection":["Telemundo Station Group (ES)"],"inLanguage":"en-US"},{"@type":"WebPage","@id":"https:\/\/nbcuniversalnewsgroup.com\/nbculocal\/es\/2026\/01\/20\/telemundo-39-dallas-incorpora-a-jorge-almaraz-al-equipo-de-presentadores\/","url":"https:\/\/nbcuniversalnewsgroup.com\/nbculocal\/es\/2026\/01\/20\/telemundo-39-dallas-incorpora-a-jorge-almaraz-al-equipo-de-presentadores\/","name":"Telemundo 39 Dallas Incorpora a Jorge Almaraz Al Equipo De Presentadores - NBCU Local","isPartOf":{"@id":"https:\/\/nbcuniversalnewsgroup.com\/nbculocal\/#website"},"primaryImageOfPage":{"@id":"https:\/\/nbcuniversalnewsgroup.com\/nbculocal\/es\/2026\/01\/20\/telemundo-39-dallas-incorpora-a-jorge-almaraz-al-equipo-de-presentadores\/#primaryimage"},"image":{"@id":"https:\/\/nbcuniversalnewsgroup.com\/nbculocal\/es\/2026\/01\/20\/telemundo-39-dallas-incorpora-a-jorge-almaraz-al-equipo-de-presentadores\/#primaryimage"},"thumbnailUrl":"https:\/\/i0.wp.com\/nbcuniversalnewsgroup.com\/nbculocal\/wp-content\/uploads\/sites\/8\/2026\/01\/News-Group-Press-Release-Featured-Image-42.png?fit=1038%2C576&ssl=1","datePublished":"2026-01-20T15:36:41+00:00","dateModified":"2026-01-20T15:38:15+00:00","breadcrumb":{"@id":"https:\/\/nbcuniversalnewsgroup.com\/nbculocal\/es\/2026\/01\/20\/telemundo-39-dallas-incorpora-a-jorge-almaraz-al-equipo-de-presentadores\/#breadcrumb"},"inLanguage":"en-US","potentialAction":[{"@type":"ReadAction","target":["https:\/\/nbcuniversalnewsgroup.com\/nbculocal\/es\/2026\/01\/20\/telemundo-39-dallas-incorpora-a-jorge-almaraz-al-equipo-de-presentadores\/"]}]},{"@type":"ImageObject","inLanguage":"en-US","@id":"https:\/\/nbcuniversalnewsgroup.com\/nbculocal\/es\/2026\/01\/20\/telemundo-39-dallas-incorpora-a-jorge-almaraz-al-equipo-de-presentadores\/#primaryimage","url":"https:\/\/i0.wp.com\/nbcuniversalnewsgroup.com\/nbculocal\/wp-content\/uploads\/sites\/8\/2026\/01\/News-Group-Press-Release-Featured-Image-42.png?fit=1038%2C576&ssl=1","contentUrl":"https:\/\/i0.wp.com\/nbcuniversalnewsgroup.com\/nbculocal\/wp-content\/uploads\/sites\/8\/2026\/01\/News-Group-Press-Release-Featured-Image-42.png?fit=1038%2C576&ssl=1","width":1038,"height":576},{"@type":"BreadcrumbList","@id":"https:\/\/nbcuniversalnewsgroup.com\/nbculocal\/es\/2026\/01\/20\/telemundo-39-dallas-incorpora-a-jorge-almaraz-al-equipo-de-presentadores\/#breadcrumb","itemListElement":[{"@type":"ListItem","position":1,"name":"Home","item":"https:\/\/nbcuniversalnewsgroup.com\/nbculocal\/"},{"@type":"ListItem","position":2,"name":"Telemundo 39 Dallas Incorpora a Jorge Almaraz Al Equipo De Presentadores"}]},{"@type":"WebSite","@id":"https:\/\/nbcuniversalnewsgroup.com\/nbculocal\/#website","url":"https:\/\/nbcuniversalnewsgroup.com\/nbculocal\/","name":"NBCU Local","description":"NBCUniversal Local, a division of NBCUniversal News Group, is comprised of more than 50 media properties, including local English- and Spanish-language television stations and regional sports networks, that serve audiences in 30 U.S. markets and Puerto Rico comprehensive news, weather, consumer and investigative reporting, lifestyle and entertainment content, and live sports across television, streaming and digital media platforms.","publisher":{"@id":"https:\/\/nbcuniversalnewsgroup.com\/nbculocal\/#organization"},"potentialAction":[{"@type":"SearchAction","target":{"@type":"EntryPoint","urlTemplate":"https:\/\/nbcuniversalnewsgroup.com\/nbculocal\/?s={search_term_string}"},"query-input":{"@type":"PropertyValueSpecification","valueRequired":true,"valueName":"search_term_string"}}],"inLanguage":"en-US"},{"@type":"Organization","@id":"https:\/\/nbcuniversalnewsgroup.com\/nbculocal\/#organization","name":"NBCU Local","url":"https:\/\/nbcuniversalnewsgroup.com\/nbculocal\/","logo":{"@type":"ImageObject","inLanguage":"en-US","@id":"https:\/\/nbcuniversalnewsgroup.com\/nbculocal\/#\/schema\/logo\/image\/","url":"https:\/\/nbcuniversalnewsgroup.com\/nbculocal\/wp-content\/uploads\/sites\/8\/2024\/03\/nbcu-local-feature.png","contentUrl":"https:\/\/nbcuniversalnewsgroup.com\/nbculocal\/wp-content\/uploads\/sites\/8\/2024\/03\/nbcu-local-feature.png","width":1038,"height":576,"caption":"NBCU Local"},"image":{"@id":"https:\/\/nbcuniversalnewsgroup.com\/nbculocal\/#\/schema\/logo\/image\/"},"sameAs":["https:\/\/x.com\/NBCULocalPR","https:\/\/www.linkedin.com\/company\/nbcuniversallocal"]},{"@type":"Person","@id":"https:\/\/nbcuniversalnewsgroup.com\/nbculocal\/#\/schema\/person\/71375f95e907cc09385448ec02f6937f","name":"NBCUniversal News Group","image":{"@type":"ImageObject","inLanguage":"en-US","@id":"https:\/\/secure.gravatar.com\/avatar\/e10e6d3cbbefdce7f5e6bb676ab54cd85e88d8109192053eb487cc96406e49b0?s=96&d=mm&r=g","url":"https:\/\/secure.gravatar.com\/avatar\/e10e6d3cbbefdce7f5e6bb676ab54cd85e88d8109192053eb487cc96406e49b0?s=96&d=mm&r=g","contentUrl":"https:\/\/secure.gravatar.com\/avatar\/e10e6d3cbbefdce7f5e6bb676ab54cd85e88d8109192053eb487cc96406e49b0?s=96&d=mm&r=g","caption":"NBCUniversal News Group"},"url":"https:\/\/nbcuniversalnewsgroup.com\/nbculocal\/author\/trasaterra\/"}]}},"jetpack_featured_media_url":"https:\/\/i0.wp.com\/nbcuniversalnewsgroup.com\/nbculocal\/wp-content\/uploads\/sites\/8\/2026\/01\/News-Group-Press-Release-Featured-Image-42.png?fit=1038%2C576&ssl=1","jetpack_sharing_enabled":true,"_links":{"self":[{"href":"https:\/\/nbcuniversalnewsgroup.com\/nbculocal\/wp-json\/wp\/v2\/posts\/698","targetHints":{"allow":["GET"]}}],"collection":[{"href":"https:\/\/nbcuniversalnewsgroup.com\/nbculocal\/wp-json\/wp\/v2\/posts"}],"about":[{"href":"https:\/\/nbcuniversalnewsgroup.com\/nbculocal\/wp-json\/wp\/v2\/types\/post"}],"author":[{"embeddable":true,"href":"https:\/\/nbcuniversalnewsgroup.com\/nbculocal\/wp-json\/wp\/v2\/users\/3"}],"replies":[{"embeddable":true,"href":"https:\/\/nbcuniversalnewsgroup.com\/nbculocal\/wp-json\/wp\/v2\/comments?post=698"}],"version-history":[{"count":0,"href":"https:\/\/nbcuniversalnewsgroup.com\/nbculocal\/wp-json\/wp\/v2\/posts\/698\/revisions"}],"wp:featuredmedia":[{"embeddable":true,"href":"https:\/\/nbcuniversalnewsgroup.com\/nbculocal\/wp-json\/wp\/v2\/media\/697"}],"wp:attachment":[{"href":"https:\/\/nbcuniversalnewsgroup.com\/nbculocal\/wp-json\/wp\/v2\/media?parent=698"}],"wp:term":[{"taxonomy":"category","embeddable":true,"href":"https:\/\/nbcuniversalnewsgroup.com\/nbculocal\/wp-json\/wp\/v2\/categories?post=698"},{"taxonomy":"post_tag","embeddable":true,"href":"https:\/\/nbcuniversalnewsgroup.com\/nbculocal\/wp-json\/wp\/v2\/tags?post=698"}],"curies":[{"name":"wp","href":"https:\/\/api.w.org\/{rel}","templated":true}]}}